{"id":44670,"date":"2023-07-11T00:32:32","date_gmt":"2023-07-11T03:32:32","guid":{"rendered":"https:\/\/vocesdebaires.com.ar\/?p=44670"},"modified":"2023-07-11T00:32:32","modified_gmt":"2023-07-11T03:32:32","slug":"las-vacaciones-empiezan-en-tandil-con-un-concurso-de-asadores","status":"publish","type":"post","link":"https:\/\/vocesdebaires.com.ar\/index.php\/2023\/07\/11\/las-vacaciones-empiezan-en-tandil-con-un-concurso-de-asadores\/","title":{"rendered":"Las vacaciones empiezan en Tandil con un concurso de asadores"},"content":{"rendered":"<p>Las vacaciones de invierno estar\u00e1n colmadas de sorpresas en cada punto de la ciudad. Es por eso que el s\u00e1bado 15 y domingo 16 de julio se realizar\u00e1 una kermesse que incluir\u00e1 shows para toda la familia, fogones, demostraciones de destreza, juegos tradicionales y una feria de artesan\u00edas. Pero como si esto fuera poco habr\u00e1 un concurso de asadores. El lugar de encuentro ser\u00e1 el parque de la Industria y el Comercio, junto al murall\u00f3n del Dique del Fuerte, donde se llevar\u00e1 a cabo el primer Concurso de Asadores en el que cada representante de los pueblos o parajes, que integran la ciudad serrana, demostrar\u00e1n sus destrezas sobre las parrillas realizando un asado en cruz, cuyo ganador ser\u00e1 seleccionado por un jurado.<\/p>\n<p>Son m\u00e1s de veinte instituciones que participar\u00e1n como as\u00ed tambi\u00e9n los pueblos y parajes que integran la ruralidad tandilense como son: Gardey, La Pastora, Iraola, La Patria, Mar\u00eda Ignacia, Gardey, Fulton, Azucena, De la Canal, Colonia Mariano Moreno, La Numancia, El Destino, Las Toscas, El Hornero, San Antonio, Los Huesos, quienes presentar\u00e1n sus productos para los turistas. En agosto del a\u00f1o pasado con mucho \u00e9xito se realiz\u00f3 la primera Kermesse Rural que permiti\u00f3 aunar el campo con la ciudad, y fue un \u00e9xito para locales y visitantes.<\/p>\n<p><strong>La ruralidad espera a los visitantes<\/strong><br \/>\nDurante las vacaciones los pueblos tur\u00edsticos tambi\u00e9n recibir\u00e1n a los visitantes. Fulton, Gardey, Vela o Azucena tienen m\u00faltiples propuestas para pasar un d\u00eda de campo ideal. En Gardey el Almac\u00e9n Vulcano @historicoalmacenvulcano, abrir\u00e1 sus puertas para ofrecer su famosa bondiola de cerdo. Por su parte los artistas Pl\u00e1sticos Silvia Diocares y Pablo Orcajo realizar\u00e1n en vacaciones recorridos guiados\u2013previa reserva- a su taller donde muestran sus obras de arte y un recorrido por su casa sustentable @ranchitoazulgardey .<\/p>\n<p>Tambi\u00e9n se podr\u00e1 realizar el circuito denominado \u201cTurismo Visual Rural Gardey\u201d, se trata de varios murales pintados por Orcajo dentro de la localidad, que pueden ubicarse a trav\u00e9s de un Qr y as\u00ed localizar las obras.\u00a0 El tambo y almac\u00e9n de campo \u201cCuatro esquinas\u201d, ubicado en Azucena, ofrecer\u00e1 deliciosos almuerzos con productos propios o una rica merienda en plena naturaleza rodeado de animales. @tamboovino4esquinas<\/p>\n<p>En Fulton, podr\u00e1 visitar la f\u00e1brica de alfajores Estaful y disfrutar de una deliciosa merienda en las instalaciones del Ferrocarril, un paseo con mucha historia @estaful_. Si quiere almorzar caserito ah\u00ed mismo el Almac\u00e9n de Adela los estar\u00e1 esperando @almacenadela. Durante el invierno est\u00e1n organizadas varias excursiones a los pueblos rurales, almacenes y productores, rutas de sabores, d\u00edas de campos con cabalgatas y visitas a f\u00e1bricas de quesos por @turismoruraltandil<\/p>\n","protected":false},"excerpt":{"rendered":"<p>Las vacaciones de invierno estar\u00e1n colmadas de sorpresas en cada punto de la ciudad. Es por eso que el s\u00e1bado 15 y domingo 16 de julio se realizar\u00e1 una kermesse que incluir\u00e1 shows para toda la familia, fogones, demostraciones de destreza, juegos tradicionales y una feria de artesan\u00edas. Pero como si esto fuera poco habr\u00e1 [&hellip;]<\/p>\n","protected":false},"author":2,"featured_media":44671,"comment_status":"open","ping_status":"open","sticky":false,"template":"","format":"standard","meta":{"_et_pb_use_builder":"","_et_pb_old_content":"","_et_gb_content_width":"","footnotes":""},"categories":[34,13],"tags":[],"class_list":["post-44670","post","type-post","status-publish","format-standard","has-post-thumbnail","hentry","category-politica","category-provincia"],"_links":{"self":[{"href":"https:\/\/vocesdebaires.com.ar\/index.php\/wp-json\/wp\/v2\/posts\/44670"}],"collection":[{"href":"https:\/\/vocesdebaires.com.ar\/index.php\/wp-json\/wp\/v2\/posts"}],"about":[{"href":"https:\/\/vocesdebaires.com.ar\/index.php\/wp-json\/wp\/v2\/types\/post"}],"author":[{"embeddable":true,"href":"https:\/\/vocesdebaires.com.ar\/index.php\/wp-json\/wp\/v2\/users\/2"}],"replies":[{"embeddable":true,"href":"https:\/\/vocesdebaires.com.ar\/index.php\/wp-json\/wp\/v2\/comments?post=44670"}],"version-history":[{"count":1,"href":"https:\/\/vocesdebaires.com.ar\/index.php\/wp-json\/wp\/v2\/posts\/44670\/revisions"}],"predecessor-version":[{"id":44672,"href":"https:\/\/vocesdebaires.com.ar\/index.php\/wp-json\/wp\/v2\/posts\/44670\/revisions\/44672"}],"wp:featuredmedia":[{"embeddable":true,"href":"https:\/\/vocesdebaires.com.ar\/index.php\/wp-json\/wp\/v2\/media\/44671"}],"wp:attachment":[{"href":"https:\/\/vocesdebaires.com.ar\/index.php\/wp-json\/wp\/v2\/media?parent=44670"}],"wp:term":[{"taxonomy":"category","embeddable":true,"href":"https:\/\/vocesdebaires.com.ar\/index.php\/wp-json\/wp\/v2\/categories?post=44670"},{"taxonomy":"post_tag","embeddable":true,"href":"https:\/\/vocesdebaires.com.ar\/index.php\/wp-json\/wp\/v2\/tags?post=44670"}],"curies":[{"name":"wp","href":"https:\/\/api.w.org\/{rel}","templated":true}]}}