{"id":44694,"date":"2023-07-12T00:48:30","date_gmt":"2023-07-12T03:48:30","guid":{"rendered":"https:\/\/vocesdebaires.com.ar\/?p=44694"},"modified":"2023-07-12T00:50:13","modified_gmt":"2023-07-12T03:50:13","slug":"moron-santilli-y-ugartemendia-junto-a-comerciantes-y-vecinos-de-la-zona","status":"publish","type":"post","link":"https:\/\/vocesdebaires.com.ar\/index.php\/2023\/07\/12\/moron-santilli-y-ugartemendia-junto-a-comerciantes-y-vecinos-de-la-zona\/","title":{"rendered":"Mor\u00f3n : Santilli y Ugartemendi\u0301a, junto a comerciantes y vecinos de la zona"},"content":{"rendered":"<p>El precandidato a gobernador bonaerense de Juntos por el Cambio, Diego Santilli, contin\u00faa con sus recorridas por las localidades de la provincia de Buenos Aires. Ayer martes estuvo en Mor\u00f3n con el precandidato a intendente del distrito, Leandro Ugartemendi\u0301a, y el ex intendente Ramiro Tagliaferro, donde plantearon una agenda conjunta para solucionar los principales problemas de los vecinos del municipio.<\/p>\n<p>La jornada en la que participaron Santilli, Ugartemendi\u0301a y Tagliaferro comenz\u00f3 con un almuerzo la localidad de Haedo. En el encuentro se hicieron presentes empresarios y comerciantes de la localidad, quienes plantearon los inconvenientes econ\u00f3micos y las trabas burocr\u00e1ticas que no resuelve la actual administraci\u00f3n del intendente Lucas Ghi. \u00abNuestra propuesta es clara: vamos a eliminar m\u00e1s de 500 tasas que s\u00f3lo entorpecen el crecimiento y el desarrollo de las Pymes y comerciantes.<\/p>\n<p>Adem\u00e1s, vamos avanzar en la simplificaci\u00f3n impositiva y de tr\u00e1mites para potenciar la producci\u00f3n y la generaci\u00f3n de empleo privado\u00bb, asegur\u00f3 Santilli en la reuni\u00f3n con empresarios y comerciantes de Mor\u00f3n. Luego, se dirigieron a un encuentro con el pastor Ezequiel D&#8217;Emilio, fundador de \u00abLa Puerta Abierta\u00bb, quien dirige 69 iglesias evang\u00e9licas en todo la provincia de Buenos Aires, un colegio y comedores. Santilli y Ugartemendi\u0301a continuaron la recorrida en la panader\u00eda \u201cLa Leonesa\u201d, donde estuvieron junto a sus propietarios, quienes sufrieron 69 robos en el local. \u00abEste a\u00f1o se termina el garantismo kirchnerista que protege a los delincuentes.<\/p>\n<p>En mi gobierno, a los chorros y delincuentes les va a caer todo el peso de la ley para que terminen presos. Se termin\u00f3 la pol\u00edtica zaffaronista. Nosotros queremos ciudadanos libres y seguros\u00bb, afirm\u00f3 el candidato a gobernador de Juntos. \u00abEn \u00e9stos 3 a\u00f1os y medio hemos visto un fuerte retroceso del despliegue policial en las zonas calientes de conurbano y en las grandes ciudades del interior. Es el reflejo de un gobernador que se ha escondido y que nunca tuvo decisi\u00f3n pol\u00edtica ni planificaci\u00f3n para frenar el avance de los delincuentes\u00bb, concluy\u00f3 Santilli.<\/p>\n","protected":false},"excerpt":{"rendered":"<p>El precandidato a gobernador bonaerense de Juntos por el Cambio, Diego Santilli, contin\u00faa con sus recorridas por las localidades de la provincia de Buenos Aires. Ayer martes estuvo en Mor\u00f3n con el precandidato a intendente del distrito, Leandro Ugartemendi\u0301a, y el ex intendente Ramiro Tagliaferro, donde plantearon una agenda conjunta para solucionar los principales problemas [&hellip;]<\/p>\n","protected":false},"author":2,"featured_media":44701,"comment_status":"open","ping_status":"open","sticky":false,"template":"","format":"standard","meta":{"_et_pb_use_builder":"","_et_pb_old_content":"","_et_gb_content_width":"","footnotes":""},"categories":[34,13],"tags":[],"class_list":["post-44694","post","type-post","status-publish","format-standard","has-post-thumbnail","hentry","category-politica","category-provincia"],"_links":{"self":[{"href":"https:\/\/vocesdebaires.com.ar\/index.php\/wp-json\/wp\/v2\/posts\/44694"}],"collection":[{"href":"https:\/\/vocesdebaires.com.ar\/index.php\/wp-json\/wp\/v2\/posts"}],"about":[{"href":"https:\/\/vocesdebaires.com.ar\/index.php\/wp-json\/wp\/v2\/types\/post"}],"author":[{"embeddable":true,"href":"https:\/\/vocesdebaires.com.ar\/index.php\/wp-json\/wp\/v2\/users\/2"}],"replies":[{"embeddable":true,"href":"https:\/\/vocesdebaires.com.ar\/index.php\/wp-json\/wp\/v2\/comments?post=44694"}],"version-history":[{"count":1,"href":"https:\/\/vocesdebaires.com.ar\/index.php\/wp-json\/wp\/v2\/posts\/44694\/revisions"}],"predecessor-version":[{"id":44700,"href":"https:\/\/vocesdebaires.com.ar\/index.php\/wp-json\/wp\/v2\/posts\/44694\/revisions\/44700"}],"wp:featuredmedia":[{"embeddable":true,"href":"https:\/\/vocesdebaires.com.ar\/index.php\/wp-json\/wp\/v2\/media\/44701"}],"wp:attachment":[{"href":"https:\/\/vocesdebaires.com.ar\/index.php\/wp-json\/wp\/v2\/media?parent=44694"}],"wp:term":[{"taxonomy":"category","embeddable":true,"href":"https:\/\/vocesdebaires.com.ar\/index.php\/wp-json\/wp\/v2\/categories?post=44694"},{"taxonomy":"post_tag","embeddable":true,"href":"https:\/\/vocesdebaires.com.ar\/index.php\/wp-json\/wp\/v2\/tags?post=44694"}],"curies":[{"name":"wp","href":"https:\/\/api.w.org\/{rel}","templated":true}]}}