{"id":44737,"date":"2023-07-17T00:00:46","date_gmt":"2023-07-17T03:00:46","guid":{"rendered":"https:\/\/vocesdebaires.com.ar\/?p=44737"},"modified":"2023-07-17T00:00:46","modified_gmt":"2023-07-17T03:00:46","slug":"el-teatro-alvear-celebro-su-reapertura-en-la-calle-corrientes","status":"publish","type":"post","link":"https:\/\/vocesdebaires.com.ar\/index.php\/2023\/07\/17\/el-teatro-alvear-celebro-su-reapertura-en-la-calle-corrientes\/","title":{"rendered":"El Teatro Alvear celebr\u00f3 su reapertura en la Calle Corrientes"},"content":{"rendered":"<p>El Teatro Alvear se reinaugur\u00f3 este fin de semana con una fiesta en calle Corrientes para que vecinos, vecinas y turistas se acerquen a disfrutar de actividades para toda la familia y presenciar el corte de la cinta, luego del cual se abrir\u00e1n las puertas de la emblem\u00e1tica sala porte\u00f1a para que los y las visitantes puedan recorrerla. Para la celebraci\u00f3n, que se desarroll\u00f3 este domingo de 13 a 16 horas, se mont\u00f3 una pasarela en la puerta del Teatro (Corrientes 1659), donde se sucedieron fragmentos de algunas de las actuales producciones del Complejo Teatral de Buenos Aires, como Narices, el espect\u00e1culo de Hugo Mid\u00f3n y Carlos Gianni, y actuaron los artistas que pasaron por Hall Abierto en los \u00faltimos a\u00f1os.<\/p>\n<p>Asimismo, pudieron verse escenas de algunas de las principales obras que se presentan en los teatros de la calle Corrientes, como Cantando sobre la Mesa, con Caramelito y Dan Breitman; La granja de Zen\u00f3n; El Gato con Botas; y tambi\u00e9n estuvo el director de Heathers, Fernando Dente. El Grupo de Titiriteros y el Taller de Danza Contempor\u00e1nea del Teatro San Mart\u00edn tambi\u00e9n fue parte de la fiesta y hubo un desfile con las piezas de vestuario m\u00e1s asombrosas de la colecci\u00f3n Tesoro del Complejo Teatral de Buenos Aires, una representativa muestra de su historia.<br \/>\nEl Teatro Alvear es uno de los seis pertenecientes al Complejo Teatral de Buenos Aires.<\/p>\n<p>Tiene una capacidad de alrededor de 800 espectadores, distribuidos en la platea, un sector de pullman, una tertulia y un sector de palcos. Su reapertura es un motivo de alegr\u00eda para todos los vecinos de la Ciudad y para la comunidad art\u00edstica que pas\u00f3 por su escenario, conoci\u00f3 a sus t\u00e9cnicos y recorri\u00f3 sus camarines. Es por eso que grandes referentes de las artes esc\u00e9nicas que pasaron por su sala cuentan e invitan al p\u00fablico a trav\u00e9s de videos a viajar en el tiempo y recordar las obras que montaron all\u00ed. Se trata de una serie de cinco cap\u00edtulos que se est\u00e1n subiendo a Vivamos Cultura una vez por semana.<\/p>\n<p>Se podr\u00e1 ver el testimonio del bailar\u00edn y core\u00f3grafo Carlos Casella, quien resalta la \u201cbelleza simple\u201d del teatro; el del utilero desde 1989, Tito Torres, quien relata una an\u00e9cdota para el recuerdo; tambi\u00e9n el de la artista visual y dise\u00f1adora de vestuario Renata Schussheim, quien dice que el Alvear tiene \u201cesa proporci\u00f3n especial entre los que est\u00e1n arriba del escenario y el p\u00fablico\u201d. Adem\u00e1s, se encuentra el testimonio de la directora Betty Gambartes, quien resalta que \u201ces el teatro de la gente\u201d. Tambi\u00e9n participan el actor Osky Guzm\u00e1n; el actor, cantante y bailar\u00edn Marcos Montes, la cantante y actriz Karina K; y Mike Amigorena, entre otros.<\/p>\n<p>La serie de videos son un breve recorrido de voces, de recuerdos en primera persona, que hablan de la historia que hay detr\u00e1s de un espacio que abri\u00f3 sus puertas el 22 de abril de 1942 y que desde este mes de julio se podr\u00e1 volver a disfrutar. El Alvear es un teatro que es un orgullo de Ciudad de Buenos Aires por el que pasaron figuras como Tita Merello, Mariano Mores, la orquesta de Anibal Troilo, Roberto Goyeneche, Hugo Mid\u00f3n, y Roberto Carnaghi entre otros. Un teatro donde se presentaron 127 espect\u00e1culos y un espacio que vio crecer a quienes hoy son ya figuras representativas en la escena art\u00edstica.<\/p>\n","protected":false},"excerpt":{"rendered":"<p>El Teatro Alvear se reinaugur\u00f3 este fin de semana con una fiesta en calle Corrientes para que vecinos, vecinas y turistas se acerquen a disfrutar de actividades para toda la familia y presenciar el corte de la cinta, luego del cual se abrir\u00e1n las puertas de la emblem\u00e1tica sala porte\u00f1a para que los y las [&hellip;]<\/p>\n","protected":false},"author":2,"featured_media":44738,"comment_status":"open","ping_status":"open","sticky":false,"template":"","format":"standard","meta":{"_et_pb_use_builder":"","_et_pb_old_content":"","_et_gb_content_width":"","footnotes":""},"categories":[11],"tags":[],"class_list":["post-44737","post","type-post","status-publish","format-standard","has-post-thumbnail","hentry","category-ciudad"],"_links":{"self":[{"href":"https:\/\/vocesdebaires.com.ar\/index.php\/wp-json\/wp\/v2\/posts\/44737"}],"collection":[{"href":"https:\/\/vocesdebaires.com.ar\/index.php\/wp-json\/wp\/v2\/posts"}],"about":[{"href":"https:\/\/vocesdebaires.com.ar\/index.php\/wp-json\/wp\/v2\/types\/post"}],"author":[{"embeddable":true,"href":"https:\/\/vocesdebaires.com.ar\/index.php\/wp-json\/wp\/v2\/users\/2"}],"replies":[{"embeddable":true,"href":"https:\/\/vocesdebaires.com.ar\/index.php\/wp-json\/wp\/v2\/comments?post=44737"}],"version-history":[{"count":1,"href":"https:\/\/vocesdebaires.com.ar\/index.php\/wp-json\/wp\/v2\/posts\/44737\/revisions"}],"predecessor-version":[{"id":44739,"href":"https:\/\/vocesdebaires.com.ar\/index.php\/wp-json\/wp\/v2\/posts\/44737\/revisions\/44739"}],"wp:featuredmedia":[{"embeddable":true,"href":"https:\/\/vocesdebaires.com.ar\/index.php\/wp-json\/wp\/v2\/media\/44738"}],"wp:attachment":[{"href":"https:\/\/vocesdebaires.com.ar\/index.php\/wp-json\/wp\/v2\/media?parent=44737"}],"wp:term":[{"taxonomy":"category","embeddable":true,"href":"https:\/\/vocesdebaires.com.ar\/index.php\/wp-json\/wp\/v2\/categories?post=44737"},{"taxonomy":"post_tag","embeddable":true,"href":"https:\/\/vocesdebaires.com.ar\/index.php\/wp-json\/wp\/v2\/tags?post=44737"}],"curies":[{"name":"wp","href":"https:\/\/api.w.org\/{rel}","templated":true}]}}