{"id":44743,"date":"2023-07-17T00:08:03","date_gmt":"2023-07-17T03:08:03","guid":{"rendered":"https:\/\/vocesdebaires.com.ar\/?p=44743"},"modified":"2023-07-17T00:08:03","modified_gmt":"2023-07-17T03:08:03","slug":"santillirecorrio-junin-chivilcoy-lincoln-y-9-de-julio","status":"publish","type":"post","link":"https:\/\/vocesdebaires.com.ar\/index.php\/2023\/07\/17\/santillirecorrio-junin-chivilcoy-lincoln-y-9-de-julio\/","title":{"rendered":"Santilli:Recorri\u00f3 Jun\u00edn, Chivilcoy, Lincoln y 9 de Julio"},"content":{"rendered":"<p>El precandidato a gobernador bonaerense de Juntos por el Cambio recorri\u00f3 la cuarta secci\u00f3n de la provincia y estuvo en Jun\u00edn, Chivilcoy, Lincoln y 9 de Julio, donde mantuvo encuentros con miembros de la organizaci\u00f3n Padres Organizados, vecinos, comerciantes, productores y estudiantes de la zona. Y asegur\u00f3: \u00abvoy a trabajar y acompa\u00f1ar para fortalecer las autonom\u00edas municipales\u00bb. En el marco de la campa\u00f1a como precandidato a gobernador bonaerense, Diego Santilli recorri\u00f3 Jun\u00edn, Chivilcoy, Lincoln y 9 de Julio. All\u00ed, estuvo acompa\u00f1ado por el precandidato a vicegobernador, Gustavo Posse.<\/p>\n<p>Adem\u00e1s, estuvieron presentes los intendentes de Jun\u00edn, Pablo Petrecca, el de Lincoln, Salvador Serenal, el de Chacabuco, V\u00edctor Aiola y el intendente de General Viamonte, Franco Flexas. Tambi\u00e9n fueron parte de los encuentros, los precandidatos a intendentes de Chivilcoy, Beatriz Sotera, y el de 9 de Julio, Ignacio Palacios. La recorrida comenz\u00f3 este jueves en Chivilcoy, donde Santilli junto a Petrecca y Sotera se reunieron con vecinos del lugar en un caf\u00e9 en el centro de la localidad. Luego, se dirigieron a un camino rural donde observaron el mal estado en el que se encuentra para poner el foco de gesti\u00f3n all\u00ed, ya que la situaci\u00f3n genera preocupaci\u00f3n en los productores y en los vecinos de la zona.<\/p>\n<p>Luego, se realiz\u00f3 un almuerzo multisectorial. Una vez finalizado, Santilli y Petrecca se trasladaron a la Universidad de Jun\u00edn, donde hicieron una recorrida por la instituci\u00f3n junto a al rector, Guillermo Tamarit, quien les mostr\u00f3 las instalaciones. Cuando concluy\u00f3 la visita, Santilli particip\u00f3 de un encuentro con estudiantes de la entidad, quienes les trasmitieron sus inquietudes.<br \/>\n\u201cTenemos un gobernador que le dio la espalda al campo y a la producci\u00f3n. Nuestra propuesta para el interior es clara: menos impuestos, menos trabas para la producci\u00f3n y la exportaci\u00f3n, unificar el tipo de cambio, generar certezas desde la pol\u00edtica econ\u00f3mica y buscar potenciales mercados para nuestro sector agroindustrial y las econom\u00edas regionales\u00bb, asegur\u00f3 Santilli en una rueda con medios locales.<\/p>\n<p>\u00abVoy a trabajar y acompa\u00f1ar para fortalecer las autonom\u00edas municipales. Quiero un gobierno transparente, \u00e1gil, cercano, descentralizado, trabajando codo a codo con los intendentes en la resoluci\u00f3n de los problemas de la gente\u00bb, afirm\u00f3 el precandidato de Juntos. La recorrida continu\u00f3 y ambos se encontraron con vecinos de Jun\u00edn en un caf\u00e9 en el centro de la ciudad. M\u00e1s tarde, se reunieron con j\u00f3venes, donde hablaron de las dificultades que viven d\u00eda a d\u00eda. Para finalizar la recorrida, Santilli y Petrecca participaron de una cena multisectorial.<\/p>\n<p>El pasado viernes, las recorridas continuaron y Santilli se dirigi\u00f3 Lincoln junto a Posse, Serenal, Petrecca, Aiola y Flexas. En primero lugar, estuvieron en un caf\u00e9 en el centro de la ciudad y luego se trasladaron a un campo donde se trabaja en cr\u00eda porcina. All\u00ed, se encontraron con el agro influencer Fabi\u00e1n Gonz\u00e1lez, quien posee ma\u0301s de 100.000 seguidores en Instagram y ma\u0301s de 180.000 en TikTok. En el lugar, tambi\u00e9n estaba el due\u00f1o del campo, Fernando Del Sel, con quien hicieron una recorrida por el lugar. Tras finalizar, se realiz\u00f3 un almuerzo multisectorial en el Club Lincoln.<\/p>\n<p>Una vez concluido, se reunieron con miembros de la organizaci\u00f3n Padres Organizados que le reclaman al gobernador, Axel Kicillof, que cumpla con los 180 d\u00edas de clase que prometi\u00f3 y no ocurren.\u00a0 Despu\u00e9s, Santilli y Posse se trasladaron a la ciudad de 9 de Julio, donde se encontraron con su intendente, Palacios, en la empresa \u201cLa Blanqueada L\u00e1cteos\u201d, una de las mayores compa\u00f1\u00edas de producci\u00f3n l\u00e1ctea artesanal en el pa\u00eds. Cuenta con 500 animales y 650 hect\u00e1reas con tambo propio. Una vez concluida la visita, los precandidatos fueron a un caf\u00e9 en el centro de la ciudad, donde conversaron con vecinos de la zona. Para finalizar, Santilli se dirigi\u00f3 a una cena en la ciudad de Olavarr\u00eda, donde los recibi\u00f3 el intendente Ezequiel Galli.<\/p>\n","protected":false},"excerpt":{"rendered":"<p>El precandidato a gobernador bonaerense de Juntos por el Cambio recorri\u00f3 la cuarta secci\u00f3n de la provincia y estuvo en Jun\u00edn, Chivilcoy, Lincoln y 9 de Julio, donde mantuvo encuentros con miembros de la organizaci\u00f3n Padres Organizados, vecinos, comerciantes, productores y estudiantes de la zona. Y asegur\u00f3: \u00abvoy a trabajar y acompa\u00f1ar para fortalecer las [&hellip;]<\/p>\n","protected":false},"author":2,"featured_media":44744,"comment_status":"open","ping_status":"open","sticky":false,"template":"","format":"standard","meta":{"_et_pb_use_builder":"","_et_pb_old_content":"","_et_gb_content_width":"","footnotes":""},"categories":[34,13],"tags":[],"class_list":["post-44743","post","type-post","status-publish","format-standard","has-post-thumbnail","hentry","category-politica","category-provincia"],"_links":{"self":[{"href":"https:\/\/vocesdebaires.com.ar\/index.php\/wp-json\/wp\/v2\/posts\/44743"}],"collection":[{"href":"https:\/\/vocesdebaires.com.ar\/index.php\/wp-json\/wp\/v2\/posts"}],"about":[{"href":"https:\/\/vocesdebaires.com.ar\/index.php\/wp-json\/wp\/v2\/types\/post"}],"author":[{"embeddable":true,"href":"https:\/\/vocesdebaires.com.ar\/index.php\/wp-json\/wp\/v2\/users\/2"}],"replies":[{"embeddable":true,"href":"https:\/\/vocesdebaires.com.ar\/index.php\/wp-json\/wp\/v2\/comments?post=44743"}],"version-history":[{"count":1,"href":"https:\/\/vocesdebaires.com.ar\/index.php\/wp-json\/wp\/v2\/posts\/44743\/revisions"}],"predecessor-version":[{"id":44745,"href":"https:\/\/vocesdebaires.com.ar\/index.php\/wp-json\/wp\/v2\/posts\/44743\/revisions\/44745"}],"wp:featuredmedia":[{"embeddable":true,"href":"https:\/\/vocesdebaires.com.ar\/index.php\/wp-json\/wp\/v2\/media\/44744"}],"wp:attachment":[{"href":"https:\/\/vocesdebaires.com.ar\/index.php\/wp-json\/wp\/v2\/media?parent=44743"}],"wp:term":[{"taxonomy":"category","embeddable":true,"href":"https:\/\/vocesdebaires.com.ar\/index.php\/wp-json\/wp\/v2\/categories?post=44743"},{"taxonomy":"post_tag","embeddable":true,"href":"https:\/\/vocesdebaires.com.ar\/index.php\/wp-json\/wp\/v2\/tags?post=44743"}],"curies":[{"name":"wp","href":"https:\/\/api.w.org\/{rel}","templated":true}]}}