{"id":44757,"date":"2023-07-18T00:38:18","date_gmt":"2023-07-18T03:38:18","guid":{"rendered":"https:\/\/vocesdebaires.com.ar\/?p=44757"},"modified":"2023-07-18T00:38:18","modified_gmt":"2023-07-18T03:38:18","slug":"santilli-hay-una-ola-de-cambio-que-viene-desde-el-interior","status":"publish","type":"post","link":"https:\/\/vocesdebaires.com.ar\/index.php\/2023\/07\/18\/santilli-hay-una-ola-de-cambio-que-viene-desde-el-interior\/","title":{"rendered":"Santilli: \u201cHay una ola de cambio que viene desde el interior\u201d"},"content":{"rendered":"<p>El precandidato a gobernador bonaerense, el precandidato a Senador por la provincia, Jos\u00e9 Luis Espert, y el senador y precandidato a intendente de Bah\u00eda Blanca, Andr\u00e9s De Leo, recorrieron Bah\u00eda Blanca y Coronel Rosales. \u201cEl cambio se va a consolidar el 13 de agosto a nivel nacional y en la provincia de Buenos Aires\u201d, asegur\u00f3 Diego Santilli. El precandidato a gobernador bonaerense de Juntos, Diego Santilli, contin\u00faa con sus recorridas por la provincia de Buenos Aires. Este lunes estuvo en Bah\u00eda Blanca y Coronel Rosales con el precandidato a Senador por la provincia, Jos\u00e9 Luis Espert, el senador y precandidato a intendente de Bah\u00eda Blanca, Andr\u00e9s De Leo, y los intendentes de Carmen de Patagones y Pu\u00e1n, Jos\u00e9 Luis Zara y Facundo Castelli.<\/p>\n<p>\u201cJuntos por el Cambio ha hecho una elecci\u00f3n enorme en Santa Fe marcando un punto de inflexi\u00f3n, como lo venimos haciendo en San Luis, en San Juan, en Chaco, en C\u00f3rdoba. Hay una ola de cambio que viene con mucha fuerza del interior que se va a consolidar el 13 de agosto a nivel nacional y en la provincia de Buenos Aires\u201d, sostuvo Santilli en referencia al triunfo de ayer del candidato a gobernador por Santa Fe, Maximiliano Pullaro.Y sigui\u00f3: \u201cNosotros le devolveremos la provincia a los bonaerenses. Eso significa que en la escuela los chicos aprendan, y trabajaremos para que haya trabajo formal, que te permita tener aguinaldo, vacaciones y acceso a la salud.<\/p>\n<p>Tambi\u00e9n inici\u00e1remos una contundente lucha contra el narcotr\u00e1fico y el delito\u201d. De esta forma, la jornada de la que participaron Santilli, Espert, De Leo, Zara y Castelli comenz\u00f3 con un caf\u00e9 en el centro de Bah\u00eda Blanca, donde tuvieron un encuentro con los vecinos de la zona.\u201cSi no ponemos a la educaci\u00f3n arriba de todo, en el trono, Argentina est\u00e1 condenada al fracaso\u201d, indic\u00f3 Espert. Y agreg\u00f3: \u201cLa calidad educativa en la Argentina est\u00e1 destruida. El 46% de los chicos en PBA no tiene comprensi\u00f3n de texto y el 75% tiene menos de cuatro horas por d\u00eda de clase\u201d.<\/p>\n<p>Luego, los dirigentes se dirigieron a la ruta provincial N\u00b0 51, una de las m\u00e1s peligrosas de la provincia, para observar el deterioro y su abandono. En junio pasado se cumpli\u00f3 un a\u00f1o desde que lanzaron su conversi\u00f3n a \u201cRuta Segura\u201d del tramo que une Coronel Pringles y Bah\u00eda Blanca y todav\u00eda no se hizo nada. De Leo, por su parte, dijo: \u00abLo mejor que le puede pasar a Bah\u00eda Blanca es que Diego Santilli sea gobernador, que Jos\u00e9 Luis sea candidato a senador y que Karina Garc\u00eda me reemplace en el Senado\u00bb.\u00a0 As\u00ed, tras la recorrida, se realiz\u00f3 un almuerzo con la Uni\u00f3n Industrial de la zona. \u201cVamos a generar trabajo y Bah\u00eda Blanca tiene gran capacidad de producci\u00f3n para lo que viene. Hay que sacarle la pata de arriba de la cabeza a las Pymes\u201d, asegur\u00f3 Santilli.<\/p>\n<p>Por la tarde, Santilli, Espert, De Leo y el precandidato a intendente de Coronel Rosales, Mariano Dello Russo, se reunieron con vecinos de esa localidad que reclaman la presencia de m\u00e1s personal policial en las calles debido a la inseguridad. El Honorable Concejo Deliberante de Rosales firm\u00f3 una resoluci\u00f3n pidiendo m\u00e1s efectivos en la zona a Sergio Berni y a Axel Kicillof, pero no obtuvieron respuesta. De esta manera, la situaci\u00f3n llev\u00f3 a los propios vecinos a patrullar los barrios. \u201cHay que devolver la paz a los bonaerenses. Voy a buscar delincuentes hasta debajo de la cama. Ya lo hice cuando me toc\u00f3. Met\u00ed presas a organizaciones delictivas al otro lado de la General Paz y lo volver\u00e9 a hacer cuando me toque ser gobernador\u201d, dijo Santilli. Una vez concluida la reuni\u00f3n, se dirigieron a un caf\u00e9 en el centro de la localidad de Punta Alta donde tuvieron un nuevo encuentro con vecinos para escuchar en detalle todas las problem\u00e1ticas que viven a diario.<\/p>\n","protected":false},"excerpt":{"rendered":"<p>El precandidato a gobernador bonaerense, el precandidato a Senador por la provincia, Jos\u00e9 Luis Espert, y el senador y precandidato a intendente de Bah\u00eda Blanca, Andr\u00e9s De Leo, recorrieron Bah\u00eda Blanca y Coronel Rosales. \u201cEl cambio se va a consolidar el 13 de agosto a nivel nacional y en la provincia de Buenos Aires\u201d, asegur\u00f3 [&hellip;]<\/p>\n","protected":false},"author":2,"featured_media":44758,"comment_status":"open","ping_status":"open","sticky":false,"template":"","format":"standard","meta":{"_et_pb_use_builder":"","_et_pb_old_content":"","_et_gb_content_width":"","footnotes":""},"categories":[34,13],"tags":[],"class_list":["post-44757","post","type-post","status-publish","format-standard","has-post-thumbnail","hentry","category-politica","category-provincia"],"_links":{"self":[{"href":"https:\/\/vocesdebaires.com.ar\/index.php\/wp-json\/wp\/v2\/posts\/44757"}],"collection":[{"href":"https:\/\/vocesdebaires.com.ar\/index.php\/wp-json\/wp\/v2\/posts"}],"about":[{"href":"https:\/\/vocesdebaires.com.ar\/index.php\/wp-json\/wp\/v2\/types\/post"}],"author":[{"embeddable":true,"href":"https:\/\/vocesdebaires.com.ar\/index.php\/wp-json\/wp\/v2\/users\/2"}],"replies":[{"embeddable":true,"href":"https:\/\/vocesdebaires.com.ar\/index.php\/wp-json\/wp\/v2\/comments?post=44757"}],"version-history":[{"count":1,"href":"https:\/\/vocesdebaires.com.ar\/index.php\/wp-json\/wp\/v2\/posts\/44757\/revisions"}],"predecessor-version":[{"id":44759,"href":"https:\/\/vocesdebaires.com.ar\/index.php\/wp-json\/wp\/v2\/posts\/44757\/revisions\/44759"}],"wp:featuredmedia":[{"embeddable":true,"href":"https:\/\/vocesdebaires.com.ar\/index.php\/wp-json\/wp\/v2\/media\/44758"}],"wp:attachment":[{"href":"https:\/\/vocesdebaires.com.ar\/index.php\/wp-json\/wp\/v2\/media?parent=44757"}],"wp:term":[{"taxonomy":"category","embeddable":true,"href":"https:\/\/vocesdebaires.com.ar\/index.php\/wp-json\/wp\/v2\/categories?post=44757"},{"taxonomy":"post_tag","embeddable":true,"href":"https:\/\/vocesdebaires.com.ar\/index.php\/wp-json\/wp\/v2\/tags?post=44757"}],"curies":[{"name":"wp","href":"https:\/\/api.w.org\/{rel}","templated":true}]}}