{"id":44837,"date":"2023-07-24T00:00:38","date_gmt":"2023-07-24T03:00:38","guid":{"rendered":"https:\/\/vocesdebaires.com.ar\/?p=44837"},"modified":"2023-07-23T23:09:19","modified_gmt":"2023-07-24T02:09:19","slug":"santillivisito-la-rural-exposicion-de-ganaderia-agricultura-e-industria","status":"publish","type":"post","link":"https:\/\/vocesdebaires.com.ar\/index.php\/2023\/07\/24\/santillivisito-la-rural-exposicion-de-ganaderia-agricultura-e-industria\/","title":{"rendered":"Santilli:Visit\u00f3 la Rural exposici\u00f3n de ganader\u00eda, agricultura e industria"},"content":{"rendered":"<p>El precandidato a gobernador de la Provincia de Buenos Aires, Diego Santilli, visit\u00f3 la 135 Exposici\u00f3n de ganader\u00eda, agricultura e industria internacional, en la sede de La Rural de Palermo. Estuvo junto al presidente de la Sociedad Rural, Nicol\u00e1s Pino, y los intendentes de Juntos por el Cambio Mart\u00ednez, Ratto y Matzkin. All\u00ed, afirm\u00f3 que \u201cel campo es el gran motor productivo de este pa\u00eds. En 141 d\u00edas cuando sea Gobernador, voy a sacarle el pie de encima a los productores y a hacer las inversiones que hacen falta para potenciar la producci\u00f3n en toda la Provincia\u201d.<\/p>\n<p>\u00abTenemos la oportunidad de potenciar nuestro aparato productivo en la provincia de Buenos Aires, generando reglas claras, ampliando mercados para aumentar nuestras exportaciones, y comenzar un proceso de rebaja impositiva que nos permita generar empleo y mejorar nuestra productividad en base a la inversi\u00f3n en infraestructura y tecnolog\u00eda\u00bb, asegur\u00f3 Santilli durante la recorrida.<\/p>\n<p>Santilli recorri\u00f3 el stand de caba\u00f1eros de San Antonio de Areco, con quien comparti\u00f3 picada y mates. Adem\u00e1s, visit\u00f3 el stand de Limousin, la campeona de Angus, el Museo Gaucho y el pabell\u00f3n equino y de maquinarias. De la recorrida participaron Nicol\u00e1s Pino, Presidente de la Sociedad Rural; el intendente de San Antonio de Areco, Francisco Ratto; el intendente de Coronel Pringles, Lisandro Matzkin; y Javier Mart\u00ednez, intendente de Pergamino.<\/p>\n","protected":false},"excerpt":{"rendered":"<p>El precandidato a gobernador de la Provincia de Buenos Aires, Diego Santilli, visit\u00f3 la 135 Exposici\u00f3n de ganader\u00eda, agricultura e industria internacional, en la sede de La Rural de Palermo. Estuvo junto al presidente de la Sociedad Rural, Nicol\u00e1s Pino, y los intendentes de Juntos por el Cambio Mart\u00ednez, Ratto y Matzkin. All\u00ed, afirm\u00f3 que [&hellip;]<\/p>\n","protected":false},"author":3,"featured_media":44838,"comment_status":"open","ping_status":"open","sticky":false,"template":"","format":"standard","meta":{"_et_pb_use_builder":"","_et_pb_old_content":"","_et_gb_content_width":"","footnotes":""},"categories":[34,13],"tags":[],"class_list":["post-44837","post","type-post","status-publish","format-standard","has-post-thumbnail","hentry","category-politica","category-provincia"],"_links":{"self":[{"href":"https:\/\/vocesdebaires.com.ar\/index.php\/wp-json\/wp\/v2\/posts\/44837"}],"collection":[{"href":"https:\/\/vocesdebaires.com.ar\/index.php\/wp-json\/wp\/v2\/posts"}],"about":[{"href":"https:\/\/vocesdebaires.com.ar\/index.php\/wp-json\/wp\/v2\/types\/post"}],"author":[{"embeddable":true,"href":"https:\/\/vocesdebaires.com.ar\/index.php\/wp-json\/wp\/v2\/users\/3"}],"replies":[{"embeddable":true,"href":"https:\/\/vocesdebaires.com.ar\/index.php\/wp-json\/wp\/v2\/comments?post=44837"}],"version-history":[{"count":1,"href":"https:\/\/vocesdebaires.com.ar\/index.php\/wp-json\/wp\/v2\/posts\/44837\/revisions"}],"predecessor-version":[{"id":44839,"href":"https:\/\/vocesdebaires.com.ar\/index.php\/wp-json\/wp\/v2\/posts\/44837\/revisions\/44839"}],"wp:featuredmedia":[{"embeddable":true,"href":"https:\/\/vocesdebaires.com.ar\/index.php\/wp-json\/wp\/v2\/media\/44838"}],"wp:attachment":[{"href":"https:\/\/vocesdebaires.com.ar\/index.php\/wp-json\/wp\/v2\/media?parent=44837"}],"wp:term":[{"taxonomy":"category","embeddable":true,"href":"https:\/\/vocesdebaires.com.ar\/index.php\/wp-json\/wp\/v2\/categories?post=44837"},{"taxonomy":"post_tag","embeddable":true,"href":"https:\/\/vocesdebaires.com.ar\/index.php\/wp-json\/wp\/v2\/tags?post=44837"}],"curies":[{"name":"wp","href":"https:\/\/api.w.org\/{rel}","templated":true}]}}