{"id":44850,"date":"2023-07-25T11:37:30","date_gmt":"2023-07-25T14:37:30","guid":{"rendered":"https:\/\/vocesdebaires.com.ar\/?p=44850"},"modified":"2023-07-25T11:37:30","modified_gmt":"2023-07-25T14:37:30","slug":"santillipropone-para-bajar-el-delito-mas-policias-mas-en-la-calle","status":"publish","type":"post","link":"https:\/\/vocesdebaires.com.ar\/index.php\/2023\/07\/25\/santillipropone-para-bajar-el-delito-mas-policias-mas-en-la-calle\/","title":{"rendered":"Santilli:Propone para bajar el delito m\u00e0s polic\u00edas m\u00e1s en la calle"},"content":{"rendered":"<p>El precandidato a gobernador bonaerense recorri\u00f3 el pasado fin de semana Avellaneda junto a Miguel \u00c1ngel Pichetto, Florencia Arietto, y el precandidato a intendente del distrito, Maximiliano Gallucci. Hoy estar\u00e1 en Mercedes. Sobre la Primaria, Santilli afirm\u00f3: \u00abnunca hablar mal de Patricia y Grindetti\u00bb. El precandidato a gobernador de Juntos por el Cambio, Diego Santilli, estuvo en la localidad de Avellaneda. All\u00ed propuso una serie de medidas para combatir la inseguridad en la provincia de Buenos Aires.<\/p>\n<p>\u00abVamos a poner 15 mil polic\u00edas en la calle, que hoy est\u00e1n haciendo tareas administrativas o con carpeta m\u00e9dica. Necesitamos tener toda la polic\u00eda en la calle. Es la primera medida que voy a tomar cuando sea gobernador\u00bb, asegur\u00f3. \u00abVamos a incorporar tecnolog\u00eda. Como ya hicimos en la Ciudad, vamos a implementar el sistema de reconocimiento facial. Gracias a esta medida pudimos poner a disposici\u00f3n de la justicia a casi 2000 delincuentes, asesinos y voladores\u00bb, afirm\u00f3 Santilli.<\/p>\n<p>\u00abTenemos un gobernador ausente que terciariz\u00f3 la seguridad. Nunca se hizo cargo y los bonaerenses no pueden vivir m\u00e1s de esta manera. Hay que tener decisi\u00f3n pol\u00edtica, un equipo decidido a ir para adelante, y un plan integral que nos permita salir de este estado permanente de miedo e incertidumbre donde los chorros dominan las calles\u00bb, concluy\u00f3 el precandidato. Sobre la primaria de Juntos por el Cambio, Santilli dijo: \u00abnunca voy a hablar de Patricia y Grindetti. La sociedad tiene que elegir qui\u00e9nes son los mejores candidatos. Y el 13 de agosto vamos a estar todos juntos para ganarle al kirchnerismo que ha hecho un p\u00e9simo gobierno\u00bb.<\/p>\n<p>Por su parte, el candidato a diputado nacional Miguel \u00c1ngel Pichetto consider\u00f3: \u00abVa a ganar Larreta porque garantiza el equilibrio, la paz social, la construcci\u00f3n de un di\u00e1logo posible y los cambios que necesita Argentina a trav\u00e9s del proceso democr\u00e1tico. Hay un equipo, hay una visi\u00f3n de Estado y creo que esa visi\u00f3n la expres\u00f3 muy categ\u00f3ricamente Horacio en esta etapa y tambi\u00e9n lo ha demostrado el electorado de Santa Fe\u00bb.<\/p>\n<p>Luego, refiri\u00e9ndose a lo que viven los vecinos en Avellaneda, Gallucci remarc\u00f3: \u201cel principal problema de Avellaneda es la falta de prioridades. El intendente destina m\u00e1s plata al museo de f\u00fatbol que a la seguridad\u201d. Por \u00faltimo, la precandidata a diputada provincial Florencia Arietto plante\u00f3: \u201cnecesitamos generar las condiciones para que los j\u00f3venes puedan pensar su futuro sin miedo a que les roben, los maten. Vamos a recuperar la seguridad, la educaci\u00f3n y la salud, que son las bases donde una patria se sustenta.\u201d<\/p>\n","protected":false},"excerpt":{"rendered":"<p>El precandidato a gobernador bonaerense recorri\u00f3 el pasado fin de semana Avellaneda junto a Miguel \u00c1ngel Pichetto, Florencia Arietto, y el precandidato a intendente del distrito, Maximiliano Gallucci. Hoy estar\u00e1 en Mercedes. Sobre la Primaria, Santilli afirm\u00f3: \u00abnunca hablar mal de Patricia y Grindetti\u00bb. El precandidato a gobernador de Juntos por el Cambio, Diego Santilli, [&hellip;]<\/p>\n","protected":false},"author":3,"featured_media":44851,"comment_status":"open","ping_status":"open","sticky":false,"template":"","format":"standard","meta":{"_et_pb_use_builder":"","_et_pb_old_content":"","_et_gb_content_width":"","footnotes":""},"categories":[34,13],"tags":[],"class_list":["post-44850","post","type-post","status-publish","format-standard","has-post-thumbnail","hentry","category-politica","category-provincia"],"_links":{"self":[{"href":"https:\/\/vocesdebaires.com.ar\/index.php\/wp-json\/wp\/v2\/posts\/44850"}],"collection":[{"href":"https:\/\/vocesdebaires.com.ar\/index.php\/wp-json\/wp\/v2\/posts"}],"about":[{"href":"https:\/\/vocesdebaires.com.ar\/index.php\/wp-json\/wp\/v2\/types\/post"}],"author":[{"embeddable":true,"href":"https:\/\/vocesdebaires.com.ar\/index.php\/wp-json\/wp\/v2\/users\/3"}],"replies":[{"embeddable":true,"href":"https:\/\/vocesdebaires.com.ar\/index.php\/wp-json\/wp\/v2\/comments?post=44850"}],"version-history":[{"count":1,"href":"https:\/\/vocesdebaires.com.ar\/index.php\/wp-json\/wp\/v2\/posts\/44850\/revisions"}],"predecessor-version":[{"id":44852,"href":"https:\/\/vocesdebaires.com.ar\/index.php\/wp-json\/wp\/v2\/posts\/44850\/revisions\/44852"}],"wp:featuredmedia":[{"embeddable":true,"href":"https:\/\/vocesdebaires.com.ar\/index.php\/wp-json\/wp\/v2\/media\/44851"}],"wp:attachment":[{"href":"https:\/\/vocesdebaires.com.ar\/index.php\/wp-json\/wp\/v2\/media?parent=44850"}],"wp:term":[{"taxonomy":"category","embeddable":true,"href":"https:\/\/vocesdebaires.com.ar\/index.php\/wp-json\/wp\/v2\/categories?post=44850"},{"taxonomy":"post_tag","embeddable":true,"href":"https:\/\/vocesdebaires.com.ar\/index.php\/wp-json\/wp\/v2\/tags?post=44850"}],"curies":[{"name":"wp","href":"https:\/\/api.w.org\/{rel}","templated":true}]}}