{"id":4555,"date":"2019-05-07T03:00:00","date_gmt":"2019-05-07T06:00:00","guid":{"rendered":"http:\/\/vocesdebaires.com.ar\/wordpress\/index.php\/2019\/05\/07\/supermercado-mujer-arrojo-una-bomba-molotov\/"},"modified":"2019-05-07T03:00:00","modified_gmt":"2019-05-07T06:00:00","slug":"supermercado-mujer-arrojo-una-bomba-molotov","status":"publish","type":"post","link":"https:\/\/vocesdebaires.com.ar\/index.php\/2019\/05\/07\/supermercado-mujer-arrojo-una-bomba-molotov\/","title":{"rendered":"Supermercado: Mujer arroj\u00f3 una bomba molotov"},"content":{"rendered":"<p>El hecho ocurri\u00f3 el pasado viernes a la noche en un comercio ubicado en Lavalle y Paran\u00e1, en el barrio San Nicol\u00e1s. La detenida arroj\u00f3 al frente del supermercado una botella con combustible que origin\u00f3 fuego contra la fachada del supermercado, pero fue apagado a los pocos minutos. Luego de ello huy\u00f3 del lugar pero fue detenida en Lavalle al 1500 por personal polic\u00eda que estaba en la zona. Se realiz\u00f3 consulta con la Fiscal\u00eda Contravencional y de Faltas N\u00b0 14 a cargo Dr. Mariano Gasparini quien dispuso se labren actuaciones por Av. Incendio y otros Estragos.<\/p>\n","protected":false},"excerpt":{"rendered":"<p>El hecho ocurri\u00f3 el pasado viernes a la noche en un comercio ubicado en Lavalle y Paran\u00e1, en el barrio San Nicol\u00e1s. La detenida arroj\u00f3 al frente del supermercado una botella con combustible que origin\u00f3 fuego contra la fachada del supermercado, pero fue apagado a los pocos minutos. Luego de ello huy\u00f3 del lugar pero [&hellip;]<\/p>\n","protected":false},"author":1,"featured_media":4556,"comment_status":"open","ping_status":"open","sticky":false,"template":"","format":"standard","meta":{"_et_pb_use_builder":"","_et_pb_old_content":"","_et_gb_content_width":"","footnotes":""},"categories":[11,32],"tags":[],"class_list":["post-4555","post","type-post","status-publish","format-standard","has-post-thumbnail","hentry","category-ciudad","category-comunas"],"_links":{"self":[{"href":"https:\/\/vocesdebaires.com.ar\/index.php\/wp-json\/wp\/v2\/posts\/4555"}],"collection":[{"href":"https:\/\/vocesdebaires.com.ar\/index.php\/wp-json\/wp\/v2\/posts"}],"about":[{"href":"https:\/\/vocesdebaires.com.ar\/index.php\/wp-json\/wp\/v2\/types\/post"}],"author":[{"embeddable":true,"href":"https:\/\/vocesdebaires.com.ar\/index.php\/wp-json\/wp\/v2\/users\/1"}],"replies":[{"embeddable":true,"href":"https:\/\/vocesdebaires.com.ar\/index.php\/wp-json\/wp\/v2\/comments?post=4555"}],"version-history":[{"count":0,"href":"https:\/\/vocesdebaires.com.ar\/index.php\/wp-json\/wp\/v2\/posts\/4555\/revisions"}],"wp:featuredmedia":[{"embeddable":true,"href":"https:\/\/vocesdebaires.com.ar\/index.php\/wp-json\/wp\/v2\/media\/4556"}],"wp:attachment":[{"href":"https:\/\/vocesdebaires.com.ar\/index.php\/wp-json\/wp\/v2\/media?parent=4555"}],"wp:term":[{"taxonomy":"category","embeddable":true,"href":"https:\/\/vocesdebaires.com.ar\/index.php\/wp-json\/wp\/v2\/categories?post=4555"},{"taxonomy":"post_tag","embeddable":true,"href":"https:\/\/vocesdebaires.com.ar\/index.php\/wp-json\/wp\/v2\/tags?post=4555"}],"curies":[{"name":"wp","href":"https:\/\/api.w.org\/{rel}","templated":true}]}}