{"id":4560,"date":"2019-05-07T03:00:00","date_gmt":"2019-05-07T06:00:00","guid":{"rendered":"http:\/\/vocesdebaires.com.ar\/wordpress\/index.php\/2019\/05\/07\/conferenciatecnologias-y-derechos-humanos\/"},"modified":"2021-02-03T04:22:51","modified_gmt":"2021-02-03T07:22:51","slug":"conferenciatecnologias-y-derechos-humanos","status":"publish","type":"post","link":"https:\/\/vocesdebaires.com.ar\/index.php\/2019\/05\/07\/conferenciatecnologias-y-derechos-humanos\/","title":{"rendered":"Conferencia:Tecnolog\u00edas y Derechos Humanos"},"content":{"rendered":"<p>La nueva edici\u00f3n del Aula Global 2019 titulada &quot;Nuevas tecnolog\u00edas y derechos humanos&quot; se inaugur\u00f3 ayer en el sal\u00f3n Dorado del Palacio Legislativo con la presencia del Vicepresidente I, diputado Francisco Quintana (VJ), y de diversos oradores.En sus palabras de bienvenida, el legislador\u00a0 Quintana asegur\u00f3 que &quot;es un encuentro para debatir e intercambiar ideas respecto al futuro. Las nuevas tecnolog\u00edas de la informaci\u00f3n impactan en cada sociedad y representan el desaf\u00edo de lograr complementarlas con los derechos humanos, por lo cual es necesario que desde los Estados seamos puentes de cooperaci\u00f3n e intercambio&quot;.Durante el evento de apertura estuvieron presentes el legislador Gonzalo Straface (VJ), estudiantes, representantes del Campus Global de Derechos Humanos, expertos de Am\u00e9rica Latina en Derechos Humanos, representantes estatales, organizaciones internacionales y no gubernamentales, cuerpos diplom\u00e1ticos, la delegaci\u00f3n de la Uni\u00f3n Europea en Buenos Aires, Tech Organizaciones y Global Campus Alumni.<\/p>\n<p>El Aula Global es una actividad anual conjunta del Campus Global de Derechos Humanos, una red de siete programas regionales de maestr\u00eda en Derechos Humanos con sede en \u00c1frica (Pretoria), Mundo \u00c1rabe (Beirut), Asia Pac\u00edfico (Bangkok), C\u00e1ucaso (Erev\u00e1n), Europa (Venecia), Sureste de Europa (Bolonia\/Sarajevo) y Am\u00e9rica Latina (Buenos Aires). Re\u00fane a estudiantes, profesores y expertos de los siete programas regionales para una conferencia de una semana de duraci\u00f3n, donde se estudia y examina un tema de inter\u00e9s mundial. Las ediciones anteriores se celebraron en Venecia, Bangkok y Erev\u00e1n.La conferencia internacional de este a\u00f1o est\u00e1 organizada por el Global Campus Latin Am\u00e9rica- Caribbean, coordinado por el CIEP-UNSAM en Buenos Aires con el patrocinio institucional de la Oficina Regional del Alto Comisionado para los Derechos Humanos, la Defensor\u00eda del Pueblo de la Ciudad de Buenos Aires, el Parlamento Europeo y el Palacio Legislativo de la Ciudad de Buenos Aires.<\/p>\n<p>El congreso se llevar\u00e1 a cabo del 6 al 10 de mayo en diferentes sitios de la Ciudad, con un variado programa de encuentros y exposiciones. El conjunto de temas a explorar incluye: Las nuevas tecnolog\u00edas y su impacto en las nociones tradicionales de soberan\u00eda; Desaf\u00edos que enfrentan los Estados en t\u00e9rminos de soberan\u00eda digital; Las nuevas tecnolog\u00edas y su impacto en la din\u00e1mica de la democracia y el gobierno; Sistemas de protecci\u00f3n de los derechos humanos frente a actores no estatales en el \u00e1mbito de las nuevas tecnolog\u00edas; Nuevas tecnolog\u00edas y acceso a la educaci\u00f3n y a la informaci\u00f3n en t\u00e9rminos de uso, beneficio, beneficio y desarrollo, y las nuevas tecnolog\u00edas y su impacto en el tejido social, entre otras.<\/p>\n","protected":false},"excerpt":{"rendered":"<p>La nueva edici\u00f3n del Aula Global 2019 titulada &quot;Nuevas tecnolog\u00edas y derechos humanos&quot; se inaugur\u00f3 ayer en el sal\u00f3n Dorado del Palacio Legislativo con la presencia del Vicepresidente I, diputado Francisco Quintana (VJ), y de diversos oradores.En sus palabras de bienvenida, el legislador\u00a0 Quintana asegur\u00f3 que &quot;es un encuentro para debatir e intercambiar ideas respecto [&hellip;]<\/p>\n","protected":false},"author":1,"featured_media":4561,"comment_status":"open","ping_status":"open","sticky":false,"template":"","format":"standard","meta":{"_et_pb_use_builder":"","_et_pb_old_content":"","_et_gb_content_width":"","footnotes":""},"categories":[11,33],"tags":[],"class_list":["post-4560","post","type-post","status-publish","format-standard","has-post-thumbnail","hentry","category-ciudad","category-sociedad-y-cultura-2"],"_links":{"self":[{"href":"https:\/\/vocesdebaires.com.ar\/index.php\/wp-json\/wp\/v2\/posts\/4560"}],"collection":[{"href":"https:\/\/vocesdebaires.com.ar\/index.php\/wp-json\/wp\/v2\/posts"}],"about":[{"href":"https:\/\/vocesdebaires.com.ar\/index.php\/wp-json\/wp\/v2\/types\/post"}],"author":[{"embeddable":true,"href":"https:\/\/vocesdebaires.com.ar\/index.php\/wp-json\/wp\/v2\/users\/1"}],"replies":[{"embeddable":true,"href":"https:\/\/vocesdebaires.com.ar\/index.php\/wp-json\/wp\/v2\/comments?post=4560"}],"version-history":[{"count":1,"href":"https:\/\/vocesdebaires.com.ar\/index.php\/wp-json\/wp\/v2\/posts\/4560\/revisions"}],"predecessor-version":[{"id":4599,"href":"https:\/\/vocesdebaires.com.ar\/index.php\/wp-json\/wp\/v2\/posts\/4560\/revisions\/4599"}],"wp:featuredmedia":[{"embeddable":true,"href":"https:\/\/vocesdebaires.com.ar\/index.php\/wp-json\/wp\/v2\/media\/4561"}],"wp:attachment":[{"href":"https:\/\/vocesdebaires.com.ar\/index.php\/wp-json\/wp\/v2\/media?parent=4560"}],"wp:term":[{"taxonomy":"category","embeddable":true,"href":"https:\/\/vocesdebaires.com.ar\/index.php\/wp-json\/wp\/v2\/categories?post=4560"},{"taxonomy":"post_tag","embeddable":true,"href":"https:\/\/vocesdebaires.com.ar\/index.php\/wp-json\/wp\/v2\/tags?post=4560"}],"curies":[{"name":"wp","href":"https:\/\/api.w.org\/{rel}","templated":true}]}}