{"id":457,"date":"2021-01-19T03:00:00","date_gmt":"2021-01-19T06:00:00","guid":{"rendered":"http:\/\/vocesdebaires.com.ar\/wordpress\/index.php\/2021\/01\/19\/plazas-activas-agenda-de-las-ocho-sedes\/"},"modified":"2021-01-19T03:00:00","modified_gmt":"2021-01-19T06:00:00","slug":"plazas-activas-agenda-de-las-ocho-sedes","status":"publish","type":"post","link":"https:\/\/vocesdebaires.com.ar\/index.php\/2021\/01\/19\/plazas-activas-agenda-de-las-ocho-sedes\/","title":{"rendered":"Plazas Activas: Agenda de las ocho sedes"},"content":{"rendered":"<p>El programa Plazas Activas contin\u00faa con sus actividades en ocho de sus sedes que est\u00e1n distribuidas en distintos puntos de la Ciudad de Buenos Aires. Para participar los vecinos y vecinas deber\u00e1n inscribirse previamente en el Portal \u00danico de Inscripciones y descargar la declaraci\u00f3n jurada que deber\u00e1n presentar el primer d\u00eda de la actividad. Las clases ser\u00e1n de una hora y podr\u00e1n elegir entre ritmos, gimnasia y yoga. El programa Plazas Activas de la Ciudad est\u00e1 destinado a toda la poblaci\u00f3n con el fin de promover la vida saludable a trav\u00e9s de la pr\u00e1ctica del deporte y de la recreaci\u00f3n.<\/p>\n<p>Se brindan actividades para todas las edades en un marco de bienestar y control. Las clases son dictadas por profesores de educaci\u00f3n f\u00edsica que planifican y diagraman las diferentes tareas. Los entrenamientos son dictados por profesores de educaci\u00f3n f\u00edsica especializados y se llevan a cabo en ocho sedes distribuidas en plazas y parques porte\u00f1os: Parque Lezama. Plaza Irlanda, Rosedal, Parque Patricios, Parque Avellaneda, Banff, Parque Chacabuco y Parque Rivadavia.<\/p>\n<p><strong>Inscribite a tu sede m\u00e0s cerca:<\/strong> <a href=&quot;https:\/\/portalinscripciones.scp.buenosaires.gob.ar\/#\/actividades\/7\/?taller=plazas%20activas&quot;>https:\/\/portalinscripciones.scp.buenosaires.gob.ar\/#\/actividades\/7\/?taller=plazas%20activas<\/a> <br \/><strong>Descarg\u00e0 la Declaraci\u00f2n Jurada<\/strong> : <a href=&quot;https:\/\/www.buenosaires.gob.ar\/sites\/gcaba\/files\/ddjj_en_el_marco_de_la_emergencia_sanitaria_por_el_virus_covid_19._ep.pdf&quot;>https:\/\/www.buenosaires.gob.ar\/sites\/gcaba\/files\/ddjj_en_el_marco_de_la_emergencia_sanitaria_por_el_virus_covid_19._ep.pdf<\/a> <br \/><strong>Descarg\u00e0 los t\u00e8rminos y condiciones:<\/strong> <a href=&quot;https:\/\/www.buenosaires.gob.ar\/sites\/gcaba\/files\/terminos_y_condiciones.pdf&quot;>https:\/\/www.buenosaires.gob.ar\/sites\/gcaba\/files\/terminos_y_condiciones.pdf<\/a><\/p>\n<p><strong>Sedes<\/strong><br \/>Parque Lezama<br \/>Gimnasia y ritmos<br \/>Martes de 9 a 10 horas.<br \/>Martes de 10 a 11 horas.<br \/>Domingos 9 a 11 horas.<br \/>Punto de encuentro: Defensa y Brasil (Terraza del museo o bajo las escaleras del mismo)<\/p>\n<p><strong>Plaza Irlanda<\/strong><br \/>Gimnasia y ritmos<br \/>Martes de 19 a 20 horas<br \/>Mi\u00e9rcoles de 17 a 18 horas<br \/>Mi\u00e9rcoles de 18 a 19 horas<br \/>S\u00e1bados de 10 a 11 horas.<br \/>Punto de encuentro: Donato \u00c1lvarez y Neuqu\u00e9n<\/p>\n<p><strong>Rosedal<\/strong><br \/>Gimnasia<br \/>Lunes y mi\u00e9rcoles de 9 a 10 horas<br \/>Yoga<br \/>S\u00e1bados y domingos de 10.30 a 11.30 horas<br \/>Punto de encuentro: Sarmiento y Figueroa Alcorta<\/p>\n<p><strong>Parque Patricios<\/strong><br \/>Yoga<br \/>Mi\u00e9rcoles de 14.30 a 15.30 horas<br \/>Gimnasia<br \/>Jueves de 9 a 10 horas<br \/>Jueves de 10 a 11 horas<br \/>Punto de encuentro: Caseros y Monteagudo<\/p>\n<p><strong>Parque Avellaneda<\/strong><br \/>Gimnasia y ritmos<br \/>Lunes, mi\u00e9rcoles y viernes de 9 a 10 horas.<br \/>Lunes, mi\u00e9rcoles y viernes de 10 a 11 horas.<br \/>Martes y jueves de 16.30 a 18 horas.<br \/>Punto de encuentro: Lacarra y Francisco Bilbao (Estaci\u00f3n saludable)<\/p>\n<p><strong>Parque Chacabuco<\/strong><br \/>Yoga<br \/>Martes de 15 a 16 horas.<br \/>Gimnasia<br \/>Martes de 16 a 17 horas.<br \/>Ritmos<br \/>Lunes de 17 a 18.30 horas.<br \/>Punto de encuentro: Emilio Mitre y Asamblea<\/p>\n<p><strong>Parque Rivadavia<\/strong><br \/>Gimnasia<br \/>Mi\u00e9rcoles de 9 a 10 horas.<br \/>Mi\u00e9rcoles de 10 a 11 horas.<br \/>Ritmos<br \/>S\u00e1bados 9 a 10 horas<br \/>Punto de encuentro: Avenida Rivadavia y Doblas (Monumento a Sim\u00f3n Bol\u00edvar)<\/p>\n<p><strong>Banff<\/strong><br \/>Gimnasia y ritmos<br \/>Mi\u00e9rcoles de 19 a 20.30 horas.<br \/>Punto de encuentro: Roma y Arregui<\/p>\n","protected":false},"excerpt":{"rendered":"<p>El programa Plazas Activas contin\u00faa con sus actividades en ocho de sus sedes que est\u00e1n distribuidas en distintos puntos de la Ciudad de Buenos Aires. Para participar los vecinos y vecinas deber\u00e1n inscribirse previamente en el Portal \u00danico de Inscripciones y descargar la declaraci\u00f3n jurada que deber\u00e1n presentar el primer d\u00eda de la actividad. Las [&hellip;]<\/p>\n","protected":false},"author":1,"featured_media":458,"comment_status":"open","ping_status":"open","sticky":false,"template":"","format":"standard","meta":{"_et_pb_use_builder":"","_et_pb_old_content":"","_et_gb_content_width":"","footnotes":""},"categories":[11,32],"tags":[],"class_list":["post-457","post","type-post","status-publish","format-standard","has-post-thumbnail","hentry","category-ciudad","category-comunas"],"_links":{"self":[{"href":"https:\/\/vocesdebaires.com.ar\/index.php\/wp-json\/wp\/v2\/posts\/457"}],"collection":[{"href":"https:\/\/vocesdebaires.com.ar\/index.php\/wp-json\/wp\/v2\/posts"}],"about":[{"href":"https:\/\/vocesdebaires.com.ar\/index.php\/wp-json\/wp\/v2\/types\/post"}],"author":[{"embeddable":true,"href":"https:\/\/vocesdebaires.com.ar\/index.php\/wp-json\/wp\/v2\/users\/1"}],"replies":[{"embeddable":true,"href":"https:\/\/vocesdebaires.com.ar\/index.php\/wp-json\/wp\/v2\/comments?post=457"}],"version-history":[{"count":0,"href":"https:\/\/vocesdebaires.com.ar\/index.php\/wp-json\/wp\/v2\/posts\/457\/revisions"}],"wp:featuredmedia":[{"embeddable":true,"href":"https:\/\/vocesdebaires.com.ar\/index.php\/wp-json\/wp\/v2\/media\/458"}],"wp:attachment":[{"href":"https:\/\/vocesdebaires.com.ar\/index.php\/wp-json\/wp\/v2\/media?parent=457"}],"wp:term":[{"taxonomy":"category","embeddable":true,"href":"https:\/\/vocesdebaires.com.ar\/index.php\/wp-json\/wp\/v2\/categories?post=457"},{"taxonomy":"post_tag","embeddable":true,"href":"https:\/\/vocesdebaires.com.ar\/index.php\/wp-json\/wp\/v2\/tags?post=457"}],"curies":[{"name":"wp","href":"https:\/\/api.w.org\/{rel}","templated":true}]}}