{"id":463,"date":"2021-01-19T03:00:00","date_gmt":"2021-01-19T06:00:00","guid":{"rendered":"http:\/\/vocesdebaires.com.ar\/wordpress\/index.php\/2021\/01\/19\/amiaa-seis-anos-de-la-muerte-del-fiscal-nisman\/"},"modified":"2021-01-19T03:00:00","modified_gmt":"2021-01-19T06:00:00","slug":"amiaa-seis-anos-de-la-muerte-del-fiscal-nisman","status":"publish","type":"post","link":"https:\/\/vocesdebaires.com.ar\/index.php\/2021\/01\/19\/amiaa-seis-anos-de-la-muerte-del-fiscal-nisman\/","title":{"rendered":"AMIA:A seis a\u00f1os de la muerte del fiscal Nisman"},"content":{"rendered":"<p>En el sexto aniversario del fallecimiento del Dr. Alberto Nisman (Z\u00a8L), fiscal de la Naci\u00f3n que durante diez a\u00f1os estuvo al frente de la investigaci\u00f3n del peor atentado terrorista que sufri\u00f3 nuestro pa\u00eds, AMIA renueva su pedido de Verdad y Justicia, y exige el total esclarecimiento de las circunstancias que llevaron a su muerte.<\/p>\n<p>A seis a\u00f1os de su fallecimiento, la instituci\u00f3n reitera la imperiosa necesidad de que la Justicia act\u00fae con celeridad y de manera imparcial ante un tr\u00e1gico hecho que conmocion\u00f3 a toda la sociedad. Cabe recordar que la muerte del fiscal, que fue calificada y est\u00e1 siendo investigada como homicidio, estuvo directamente relacionada con la tarea que llev\u00f3 adelante desde la Unidad Fiscal para la Investigaci\u00f3n de la Causa AMIA, tal como lo determin\u00f3 la Corte Suprema de Justicia de la Naci\u00f3n.<\/p>\n<p>Es inaceptable para el devenir institucional de cualquier pa\u00eds democr\u00e1tico que el paso del tiempo consolide la impunidad de las causas judiciales y que las sospechas, las dudas y las especulaciones se instalen y entorpezcan el camino hacia la Verdad. Como v\u00edctima directa de la masacre perpetrada el 18 de julio de 1994 por el terrorismo internacional, y reafirmando su irrenunciable exigencia de Justicia, AMIA reitera -en este aniversario- la imperiosa necesidad de que el Poder Judicial act\u00fae con pericia, eficiencia y probidad, y brinde respuesta certera a la sociedad argentina en su conjunto. Para la causa AMIA, para la causa Nisman, para todas las causas en las que el tiempo, y el lento accionar de quienes deben determinar la autor\u00eda de los hechos impiden hallar la Verdad, la instituci\u00f3n vuelve a levantar hoy su firme reclamo de Justicia.<\/p>\n","protected":false},"excerpt":{"rendered":"<p>En el sexto aniversario del fallecimiento del Dr. Alberto Nisman (Z\u00a8L), fiscal de la Naci\u00f3n que durante diez a\u00f1os estuvo al frente de la investigaci\u00f3n del peor atentado terrorista que sufri\u00f3 nuestro pa\u00eds, AMIA renueva su pedido de Verdad y Justicia, y exige el total esclarecimiento de las circunstancias que llevaron a su muerte. A [&hellip;]<\/p>\n","protected":false},"author":1,"featured_media":464,"comment_status":"open","ping_status":"open","sticky":false,"template":"","format":"standard","meta":{"_et_pb_use_builder":"","_et_pb_old_content":"","_et_gb_content_width":"","footnotes":""},"categories":[11,33],"tags":[],"class_list":["post-463","post","type-post","status-publish","format-standard","has-post-thumbnail","hentry","category-ciudad","category-sociedad-y-cultura-2"],"_links":{"self":[{"href":"https:\/\/vocesdebaires.com.ar\/index.php\/wp-json\/wp\/v2\/posts\/463"}],"collection":[{"href":"https:\/\/vocesdebaires.com.ar\/index.php\/wp-json\/wp\/v2\/posts"}],"about":[{"href":"https:\/\/vocesdebaires.com.ar\/index.php\/wp-json\/wp\/v2\/types\/post"}],"author":[{"embeddable":true,"href":"https:\/\/vocesdebaires.com.ar\/index.php\/wp-json\/wp\/v2\/users\/1"}],"replies":[{"embeddable":true,"href":"https:\/\/vocesdebaires.com.ar\/index.php\/wp-json\/wp\/v2\/comments?post=463"}],"version-history":[{"count":0,"href":"https:\/\/vocesdebaires.com.ar\/index.php\/wp-json\/wp\/v2\/posts\/463\/revisions"}],"wp:featuredmedia":[{"embeddable":true,"href":"https:\/\/vocesdebaires.com.ar\/index.php\/wp-json\/wp\/v2\/media\/464"}],"wp:attachment":[{"href":"https:\/\/vocesdebaires.com.ar\/index.php\/wp-json\/wp\/v2\/media?parent=463"}],"wp:term":[{"taxonomy":"category","embeddable":true,"href":"https:\/\/vocesdebaires.com.ar\/index.php\/wp-json\/wp\/v2\/categories?post=463"},{"taxonomy":"post_tag","embeddable":true,"href":"https:\/\/vocesdebaires.com.ar\/index.php\/wp-json\/wp\/v2\/tags?post=463"}],"curies":[{"name":"wp","href":"https:\/\/api.w.org\/{rel}","templated":true}]}}