{"id":4631,"date":"2019-08-22T03:00:00","date_gmt":"2019-08-22T06:00:00","guid":{"rendered":"http:\/\/vocesdebaires.com.ar\/wordpress\/index.php\/2019\/08\/22\/lammens-desafia-a-larreta-en-la-esquina-mas-cuerva\/"},"modified":"2019-08-22T03:00:00","modified_gmt":"2019-08-22T06:00:00","slug":"lammens-desafia-a-larreta-en-la-esquina-mas-cuerva","status":"publish","type":"post","link":"https:\/\/vocesdebaires.com.ar\/index.php\/2019\/08\/22\/lammens-desafia-a-larreta-en-la-esquina-mas-cuerva\/","title":{"rendered":"Lammens desaf\u00eda a Larreta en la esquina m\u00e1s \u201ccuerva\u201d"},"content":{"rendered":"<p>En la esquina m\u00e1s \u201ccuerva\u201d de la Ciudad, San Juan y Boedo, Mat\u00edas Lammens se siente c\u00f3modo y desaf\u00eda a Horacio Rodr\u00edguez Larreta. Con un trabajo silencioso en el sur de la ciudad, el presidente de San Lorenzo y candidato a jefe de Gobierno porte\u00f1o por el Frente de Todos trabaja fuertemente en dos ejes, la educaci\u00f3n y la cultura.En el primero de los casos, el equipo de campa\u00f1a confi\u00f3 a Parabuenosaires.com que est\u00e1n enfocados en resolver el tema de las escuelas conteiner en Lugano, algo \u201cque nos da verg\u00fcenza\u201d.<\/p>\n<p>Adem\u00e1s investigan si esto es un negocio del gobierno, ya que dicen que el alquiler del conteiner es a una misma empresa, contratada en forma directa. Con un trabajo focalizado en centros culturales, escuelas y militancia juvenil, Lammens conf\u00eda en que llegar\u00e1 c\u00f3modo a un ballotage tras mejorar su performance en el norte y centro de la Ciudad y que en varias comunas del sur porte\u00f1o pondr\u00e1 a su presidente. En la elecci\u00f3n general de la Ciudad, se necesitan 50 puntos m\u00e1s un voto para evitar la segunda vuelta. Cabe destacar que nunca ocurri\u00f3 desde que la Capital es aut\u00f3noma y elige jefe de Gobierno.<\/p>\n","protected":false},"excerpt":{"rendered":"<p>En la esquina m\u00e1s \u201ccuerva\u201d de la Ciudad, San Juan y Boedo, Mat\u00edas Lammens se siente c\u00f3modo y desaf\u00eda a Horacio Rodr\u00edguez Larreta. Con un trabajo silencioso en el sur de la ciudad, el presidente de San Lorenzo y candidato a jefe de Gobierno porte\u00f1o por el Frente de Todos trabaja fuertemente en dos ejes, [&hellip;]<\/p>\n","protected":false},"author":1,"featured_media":4632,"comment_status":"open","ping_status":"open","sticky":false,"template":"","format":"standard","meta":{"_et_pb_use_builder":"","_et_pb_old_content":"","_et_gb_content_width":"","footnotes":""},"categories":[11,32],"tags":[],"class_list":["post-4631","post","type-post","status-publish","format-standard","has-post-thumbnail","hentry","category-ciudad","category-comunas"],"_links":{"self":[{"href":"https:\/\/vocesdebaires.com.ar\/index.php\/wp-json\/wp\/v2\/posts\/4631"}],"collection":[{"href":"https:\/\/vocesdebaires.com.ar\/index.php\/wp-json\/wp\/v2\/posts"}],"about":[{"href":"https:\/\/vocesdebaires.com.ar\/index.php\/wp-json\/wp\/v2\/types\/post"}],"author":[{"embeddable":true,"href":"https:\/\/vocesdebaires.com.ar\/index.php\/wp-json\/wp\/v2\/users\/1"}],"replies":[{"embeddable":true,"href":"https:\/\/vocesdebaires.com.ar\/index.php\/wp-json\/wp\/v2\/comments?post=4631"}],"version-history":[{"count":0,"href":"https:\/\/vocesdebaires.com.ar\/index.php\/wp-json\/wp\/v2\/posts\/4631\/revisions"}],"wp:featuredmedia":[{"embeddable":true,"href":"https:\/\/vocesdebaires.com.ar\/index.php\/wp-json\/wp\/v2\/media\/4632"}],"wp:attachment":[{"href":"https:\/\/vocesdebaires.com.ar\/index.php\/wp-json\/wp\/v2\/media?parent=4631"}],"wp:term":[{"taxonomy":"category","embeddable":true,"href":"https:\/\/vocesdebaires.com.ar\/index.php\/wp-json\/wp\/v2\/categories?post=4631"},{"taxonomy":"post_tag","embeddable":true,"href":"https:\/\/vocesdebaires.com.ar\/index.php\/wp-json\/wp\/v2\/tags?post=4631"}],"curies":[{"name":"wp","href":"https:\/\/api.w.org\/{rel}","templated":true}]}}