{"id":4671,"date":"2019-08-19T03:00:00","date_gmt":"2019-08-19T06:00:00","guid":{"rendered":"http:\/\/vocesdebaires.com.ar\/wordpress\/index.php\/2019\/08\/19\/riachuelo-ciudad-planto-1-000-arboles\/"},"modified":"2019-08-19T03:00:00","modified_gmt":"2019-08-19T06:00:00","slug":"riachuelo-ciudad-planto-1-000-arboles","status":"publish","type":"post","link":"https:\/\/vocesdebaires.com.ar\/index.php\/2019\/08\/19\/riachuelo-ciudad-planto-1-000-arboles\/","title":{"rendered":"Riachuelo: Ciudad plant\u00f3 1.000 \u00e1rboles"},"content":{"rendered":"<p>El Ministerio de Ambiente y Espacio P\u00fablico, a trav\u00e9s de la Agencia de Protecci\u00f3n Ambiental, el Ministerio de Gobierno de la Ciudad, el Ceamse y Acumar plantaron mil \u00e1rboles en la Cuenca Matanza Riachuelo. Se trata de ejemplares nuevos, colocados a orillas del r\u00edo, con el prop\u00f3sito de revitalizar la biodiversidad de la Ciudad. &quot;Los \u00e1rboles nos ayudan a conservar y aumentar nuestra fauna nativa, adem\u00e1s de darnos m\u00faltiples beneficios para el ambiente.<\/p>\n<p>Por ejemplo absorben di\u00f3xido de carbono, purifican el aire, nos ofrecen sombra y protecci\u00f3n\u201d explic\u00f3 Eduardo Macchiavelli, ministro de Ambiente y Espacio P\u00fablico de la Ciudad. La partida incorporada incluy\u00f3 talas, acacias, ceibos, algarrobos blancos, espinillos y sen de campo. En lo que va de 2019 ya se plantaron 5462 ejemplares; y el a\u00f1o pasado fueron 10.088 (entre arb\u00f3reas, arbustivas, herb\u00e1ceas). La iniciativa es parte de un conjunto de acciones el Gobierno porte\u00f1o lleva adelante para mejorar la calidad ambiental de la Cuenca Matanza Riachuelo y fortalecer la biodiversidad de la zona.<\/p>\n","protected":false},"excerpt":{"rendered":"<p>El Ministerio de Ambiente y Espacio P\u00fablico, a trav\u00e9s de la Agencia de Protecci\u00f3n Ambiental, el Ministerio de Gobierno de la Ciudad, el Ceamse y Acumar plantaron mil \u00e1rboles en la Cuenca Matanza Riachuelo. Se trata de ejemplares nuevos, colocados a orillas del r\u00edo, con el prop\u00f3sito de revitalizar la biodiversidad de la Ciudad. &quot;Los [&hellip;]<\/p>\n","protected":false},"author":1,"featured_media":4672,"comment_status":"open","ping_status":"open","sticky":false,"template":"","format":"standard","meta":{"_et_pb_use_builder":"","_et_pb_old_content":"","_et_gb_content_width":"","footnotes":""},"categories":[11,32],"tags":[],"class_list":["post-4671","post","type-post","status-publish","format-standard","has-post-thumbnail","hentry","category-ciudad","category-comunas"],"_links":{"self":[{"href":"https:\/\/vocesdebaires.com.ar\/index.php\/wp-json\/wp\/v2\/posts\/4671"}],"collection":[{"href":"https:\/\/vocesdebaires.com.ar\/index.php\/wp-json\/wp\/v2\/posts"}],"about":[{"href":"https:\/\/vocesdebaires.com.ar\/index.php\/wp-json\/wp\/v2\/types\/post"}],"author":[{"embeddable":true,"href":"https:\/\/vocesdebaires.com.ar\/index.php\/wp-json\/wp\/v2\/users\/1"}],"replies":[{"embeddable":true,"href":"https:\/\/vocesdebaires.com.ar\/index.php\/wp-json\/wp\/v2\/comments?post=4671"}],"version-history":[{"count":0,"href":"https:\/\/vocesdebaires.com.ar\/index.php\/wp-json\/wp\/v2\/posts\/4671\/revisions"}],"wp:featuredmedia":[{"embeddable":true,"href":"https:\/\/vocesdebaires.com.ar\/index.php\/wp-json\/wp\/v2\/media\/4672"}],"wp:attachment":[{"href":"https:\/\/vocesdebaires.com.ar\/index.php\/wp-json\/wp\/v2\/media?parent=4671"}],"wp:term":[{"taxonomy":"category","embeddable":true,"href":"https:\/\/vocesdebaires.com.ar\/index.php\/wp-json\/wp\/v2\/categories?post=4671"},{"taxonomy":"post_tag","embeddable":true,"href":"https:\/\/vocesdebaires.com.ar\/index.php\/wp-json\/wp\/v2\/tags?post=4671"}],"curies":[{"name":"wp","href":"https:\/\/api.w.org\/{rel}","templated":true}]}}