{"id":4677,"date":"2019-08-19T03:00:00","date_gmt":"2019-08-19T06:00:00","guid":{"rendered":"http:\/\/vocesdebaires.com.ar\/wordpress\/index.php\/2019\/08\/19\/estacion-buenos-aires-en-olavarria\/"},"modified":"2019-08-19T03:00:00","modified_gmt":"2019-08-19T06:00:00","slug":"estacion-buenos-aires-en-olavarria","status":"publish","type":"post","link":"https:\/\/vocesdebaires.com.ar\/index.php\/2019\/08\/19\/estacion-buenos-aires-en-olavarria\/","title":{"rendered":"Estaci\u00f3n Buenos Aires en Olavarr\u00eda"},"content":{"rendered":"<p>El Programa que busca acercar la Ciudad de Buenos Aires a vecinos de todo el pa\u00eds, se present\u00f3 el domingo 4 de agosto, en la Fiesta del D\u00eda del Ni\u00f1o y el lunes 5, visit\u00f3 la Escuela Primaria N\u00b0 49 de Olavarr\u00eda. Las familias disfrutaron de la nueva modalidad \u201cdomo\u201d de Estaci\u00f3n Buenos Aires, que se present\u00f3 en la Fiesta del Ni\u00f1o, un evento central en el calendario de festejos de Olavarr\u00eda y organizado por el Gobierno Municipal. El p\u00fablico presente en la fiesta se sumergi\u00f3 en este viaje virtual por la Ciudad de Buenos Aires a trav\u00e9s de una proyecci\u00f3n 360\u00b0.Finalizando su recorrido, el Programa visit\u00f3 el lunes la Escuela Primaria N\u00b0 49.<\/p>\n<p>Donde ni\u00f1as, ni\u00f1os y docentes compartieron junto al equipo una jornada divertida y se animaron a conocer los lugares m\u00e1s emblem\u00e1ticos de la Ciudad de Buenos Aires desde un \u00e1ngulo distinto, a trav\u00e9s de m\u00faltiples circuitos con los cascos de realidad virtual. El proyecto recorri\u00f3 gran parte del pa\u00eds los con cascos de realidad virtual y ahora suma a su acci\u00f3n visitas a la Provincia de Buenos Aires con el Domo 360\u00b0.La iniciativa es promovida, organizada y gestionada por la Direcci\u00f3n General Programas de Cooperaci\u00f3n Interjurisdiccional y Representaciones de la Ciudad, perteneciente a la Subsecretaria de Asuntos Interjurisdiccionales y Pol\u00edtica Metropolitana, del Ministerio de Gobierno de la Ciudad.<\/p>\n","protected":false},"excerpt":{"rendered":"<p>El Programa que busca acercar la Ciudad de Buenos Aires a vecinos de todo el pa\u00eds, se present\u00f3 el domingo 4 de agosto, en la Fiesta del D\u00eda del Ni\u00f1o y el lunes 5, visit\u00f3 la Escuela Primaria N\u00b0 49 de Olavarr\u00eda. Las familias disfrutaron de la nueva modalidad \u201cdomo\u201d de Estaci\u00f3n Buenos Aires, que [&hellip;]<\/p>\n","protected":false},"author":1,"featured_media":4678,"comment_status":"open","ping_status":"open","sticky":false,"template":"","format":"standard","meta":{"_et_pb_use_builder":"","_et_pb_old_content":"","_et_gb_content_width":"","footnotes":""},"categories":[11,33],"tags":[],"class_list":["post-4677","post","type-post","status-publish","format-standard","has-post-thumbnail","hentry","category-ciudad","category-sociedad-y-cultura-2"],"_links":{"self":[{"href":"https:\/\/vocesdebaires.com.ar\/index.php\/wp-json\/wp\/v2\/posts\/4677"}],"collection":[{"href":"https:\/\/vocesdebaires.com.ar\/index.php\/wp-json\/wp\/v2\/posts"}],"about":[{"href":"https:\/\/vocesdebaires.com.ar\/index.php\/wp-json\/wp\/v2\/types\/post"}],"author":[{"embeddable":true,"href":"https:\/\/vocesdebaires.com.ar\/index.php\/wp-json\/wp\/v2\/users\/1"}],"replies":[{"embeddable":true,"href":"https:\/\/vocesdebaires.com.ar\/index.php\/wp-json\/wp\/v2\/comments?post=4677"}],"version-history":[{"count":0,"href":"https:\/\/vocesdebaires.com.ar\/index.php\/wp-json\/wp\/v2\/posts\/4677\/revisions"}],"wp:featuredmedia":[{"embeddable":true,"href":"https:\/\/vocesdebaires.com.ar\/index.php\/wp-json\/wp\/v2\/media\/4678"}],"wp:attachment":[{"href":"https:\/\/vocesdebaires.com.ar\/index.php\/wp-json\/wp\/v2\/media?parent=4677"}],"wp:term":[{"taxonomy":"category","embeddable":true,"href":"https:\/\/vocesdebaires.com.ar\/index.php\/wp-json\/wp\/v2\/categories?post=4677"},{"taxonomy":"post_tag","embeddable":true,"href":"https:\/\/vocesdebaires.com.ar\/index.php\/wp-json\/wp\/v2\/tags?post=4677"}],"curies":[{"name":"wp","href":"https:\/\/api.w.org\/{rel}","templated":true}]}}