{"id":4681,"date":"2019-08-16T03:00:00","date_gmt":"2019-08-16T06:00:00","guid":{"rendered":"http:\/\/vocesdebaires.com.ar\/wordpress\/index.php\/2019\/08\/16\/defensoria-presente-en-las-emergencias\/"},"modified":"2019-08-16T03:00:00","modified_gmt":"2019-08-16T06:00:00","slug":"defensoria-presente-en-las-emergencias","status":"publish","type":"post","link":"https:\/\/vocesdebaires.com.ar\/index.php\/2019\/08\/16\/defensoria-presente-en-las-emergencias\/","title":{"rendered":"Defensor\u00eda presente en las emergencias"},"content":{"rendered":"<p>Personal de la Coordinaci\u00f3n Ejecutiva de Emergencias y Contenci\u00f3n Psicosocial de la instituci\u00f3n se present\u00f3 en 25 de Mayo 298 para brindar asistencia a los damnificados por un incendio ocurrido en la terraza del edificio.En el lugar se encontraban presentes Bomberos de la Ciudad, SAME, Emergencias, Defensa Civil y Polic\u00eda de la Ciudad. Seg\u00fan informaron fuentes policiales, el incidente fue controlado y lograron evacuar r\u00e1pidamente. Desde la Defensor\u00eda se pusieron a disposici\u00f3n de los afectados todos los recursos del organismo.<\/p>\n","protected":false},"excerpt":{"rendered":"<p>Personal de la Coordinaci\u00f3n Ejecutiva de Emergencias y Contenci\u00f3n Psicosocial de la instituci\u00f3n se present\u00f3 en 25 de Mayo 298 para brindar asistencia a los damnificados por un incendio ocurrido en la terraza del edificio.En el lugar se encontraban presentes Bomberos de la Ciudad, SAME, Emergencias, Defensa Civil y Polic\u00eda de la Ciudad. Seg\u00fan informaron [&hellip;]<\/p>\n","protected":false},"author":1,"featured_media":0,"comment_status":"open","ping_status":"open","sticky":false,"template":"","format":"standard","meta":{"_et_pb_use_builder":"","_et_pb_old_content":"","_et_gb_content_width":"","footnotes":""},"categories":[11,32],"tags":[],"class_list":["post-4681","post","type-post","status-publish","format-standard","hentry","category-ciudad","category-comunas"],"_links":{"self":[{"href":"https:\/\/vocesdebaires.com.ar\/index.php\/wp-json\/wp\/v2\/posts\/4681"}],"collection":[{"href":"https:\/\/vocesdebaires.com.ar\/index.php\/wp-json\/wp\/v2\/posts"}],"about":[{"href":"https:\/\/vocesdebaires.com.ar\/index.php\/wp-json\/wp\/v2\/types\/post"}],"author":[{"embeddable":true,"href":"https:\/\/vocesdebaires.com.ar\/index.php\/wp-json\/wp\/v2\/users\/1"}],"replies":[{"embeddable":true,"href":"https:\/\/vocesdebaires.com.ar\/index.php\/wp-json\/wp\/v2\/comments?post=4681"}],"version-history":[{"count":0,"href":"https:\/\/vocesdebaires.com.ar\/index.php\/wp-json\/wp\/v2\/posts\/4681\/revisions"}],"wp:attachment":[{"href":"https:\/\/vocesdebaires.com.ar\/index.php\/wp-json\/wp\/v2\/media?parent=4681"}],"wp:term":[{"taxonomy":"category","embeddable":true,"href":"https:\/\/vocesdebaires.com.ar\/index.php\/wp-json\/wp\/v2\/categories?post=4681"},{"taxonomy":"post_tag","embeddable":true,"href":"https:\/\/vocesdebaires.com.ar\/index.php\/wp-json\/wp\/v2\/tags?post=4681"}],"curies":[{"name":"wp","href":"https:\/\/api.w.org\/{rel}","templated":true}]}}