{"id":4688,"date":"2019-08-15T03:24:32","date_gmt":"2019-08-15T06:24:32","guid":{"rendered":"http:\/\/vocesdebaires.com.ar\/wordpress\/index.php\/2019\/08\/15\/larreta-finocchiaro-recorrieron-un-jardin\/"},"modified":"2019-08-15T03:24:32","modified_gmt":"2019-08-15T06:24:32","slug":"larreta-finocchiaro-recorrieron-un-jardin","status":"publish","type":"post","link":"https:\/\/vocesdebaires.com.ar\/index.php\/2019\/08\/15\/larreta-finocchiaro-recorrieron-un-jardin\/","title":{"rendered":"Larreta, Finocchiaro recorrieron  un Jard\u00edn"},"content":{"rendered":"<p>El jefe de Gobierno porte\u00f1o, Horacio Rodr\u00edguez Larreta; el ministro de Educaci\u00f3n, Cultura, Ciencia y Tecnolog\u00eda de la Naci\u00f3n, Alejandro Finocchiaro, y la ministra de Educaci\u00f3n e Innovaci\u00f3n porte\u00f1a, Soledad Acu\u00f1a, recorrieron\u00a0 ayer \u00a0el nuevo Jard\u00edn N\u00ba 17 D.E 21 de Villa Lugano, que va a iniciar el ciclo lectivo 2020 con nuevas vacantes para los m\u00e1s chicos.\u201cEs un orgullo, un jard\u00edn nuevo que vamos a inaugurar despu\u00e9s de las vacaciones, al lado de la Villa Ol\u00edmpica, ac\u00e1 en Lugano, en la zona sur de la Ciudad donde m\u00e1s se necesita\u201d, explic\u00f3 Rodr\u00edguez Larreta.El Jefe de Gobierno asegur\u00f3 que \u201cestamos trabajando para que todos los chicos tengan acceso a su jard\u00edn\u201d y record\u00f3: \u201cDentro de las 54 escuelas que tenemos en construcci\u00f3n en este mandato, 30 tienen jard\u00edn. Eso muestra la importancia que les damos a los primeros a\u00f1os\u201d.<\/p>\n<p>Por su parte, Finocchiaro sostuvo que \u201cestas son las cosas verdaderamente importantes, las que valen la pena, los chicos que est\u00e1n aprendiendo, que est\u00e1n teniendo una oportunidad frente a la vida\u201d. \u201cSomos un equipo que hace m\u00e1s de 15 a\u00f1os trabaja junto en la tem\u00e1tica educativa. Se han reducido a la mitad los tiempos de las obras, porque lo podemos hacer r\u00e1pido, la Ciudad trabaja bien y porque para nosotros es mucho m\u00e1s f\u00e1cil desde Naci\u00f3n\u201d, se\u00f1al\u00f3 el funcionario nacional.<\/p>\n<p>En tanto, Acu\u00f1a precis\u00f3 que este jard\u00edn \u201cforma parte de lo que va a ser un polo educativo\u201d y explic\u00f3: \u201cAc\u00e1 atr\u00e1s tenemos un jard\u00edn maternal, este es un jard\u00edn de sala de 3 hasta sala de 5 y al lado ya se est\u00e1 terminando para el a\u00f1o que viene una primaria&quot;. &quot;Es un lugar donde pasan cosas importantes. Tenemos un equipo directivo con docentes con mucha capacitaci\u00f3n, muy formados, que est\u00e1n preparando a los chicos para todos los desaf\u00edos que tenemos para adelante\u201d, afirm\u00f3 la ministra porte\u00f1a.<\/p>\n<p>De la recorrida tambi\u00e9n particip\u00f3 el vicejefe y ministro de Justicia y Seguridad del Gobierno porte\u00f1o, Diego Santilli. El jard\u00edn cuenta con una superficie cubierta de 983 metros cuadrados y una descubierta de 2.881 metros cuadrados. En sus seis salas tiene capacidad para 125 chicos. Se construy\u00f3 gracias al trabajo en equipo que realizaron el Ministerio de Educaci\u00f3n de la Naci\u00f3n y la Direcci\u00f3n General de Infraestructura Escolar del Gobierno de la Ciudad. Al mismo tiempo, forma parte del Proyecto de Urbanizaci\u00f3n del Barrio 20.<\/p>\n<p>Este jard\u00edn es uno de los 54 establecimientos educativos que se est\u00e1n construyendo en la Ciudad desde 2016 hasta fines de 2019. Una vez que el plan finalice, los vecinos van a contar con un total de 31 escuelas de nivel inicial, 12 de nivel primario y nueve de nivel secundario. Adem\u00e1s, el 60% de ellas est\u00e1 ubicado en la zona sur de la Ciudad, con el objetivo de potenciar a los barrios hist\u00f3ricamente relegados. Cuando se realicen las inauguraciones restantes para cumplir con el compromiso de Gobierno, se van a generar m\u00e1s de 9.000 vacantes nuevas para los estudiantes de la Ciudad.<\/p>\n","protected":false},"excerpt":{"rendered":"<p>El jefe de Gobierno porte\u00f1o, Horacio Rodr\u00edguez Larreta; el ministro de Educaci\u00f3n, Cultura, Ciencia y Tecnolog\u00eda de la Naci\u00f3n, Alejandro Finocchiaro, y la ministra de Educaci\u00f3n e Innovaci\u00f3n porte\u00f1a, Soledad Acu\u00f1a, recorrieron\u00a0 ayer \u00a0el nuevo Jard\u00edn N\u00ba 17 D.E 21 de Villa Lugano, que va a iniciar el ciclo lectivo 2020 con nuevas vacantes para [&hellip;]<\/p>\n","protected":false},"author":1,"featured_media":4689,"comment_status":"open","ping_status":"open","sticky":false,"template":"","format":"standard","meta":{"_et_pb_use_builder":"","_et_pb_old_content":"","_et_gb_content_width":"","footnotes":""},"categories":[11,32],"tags":[],"class_list":["post-4688","post","type-post","status-publish","format-standard","has-post-thumbnail","hentry","category-ciudad","category-comunas"],"_links":{"self":[{"href":"https:\/\/vocesdebaires.com.ar\/index.php\/wp-json\/wp\/v2\/posts\/4688"}],"collection":[{"href":"https:\/\/vocesdebaires.com.ar\/index.php\/wp-json\/wp\/v2\/posts"}],"about":[{"href":"https:\/\/vocesdebaires.com.ar\/index.php\/wp-json\/wp\/v2\/types\/post"}],"author":[{"embeddable":true,"href":"https:\/\/vocesdebaires.com.ar\/index.php\/wp-json\/wp\/v2\/users\/1"}],"replies":[{"embeddable":true,"href":"https:\/\/vocesdebaires.com.ar\/index.php\/wp-json\/wp\/v2\/comments?post=4688"}],"version-history":[{"count":0,"href":"https:\/\/vocesdebaires.com.ar\/index.php\/wp-json\/wp\/v2\/posts\/4688\/revisions"}],"wp:featuredmedia":[{"embeddable":true,"href":"https:\/\/vocesdebaires.com.ar\/index.php\/wp-json\/wp\/v2\/media\/4689"}],"wp:attachment":[{"href":"https:\/\/vocesdebaires.com.ar\/index.php\/wp-json\/wp\/v2\/media?parent=4688"}],"wp:term":[{"taxonomy":"category","embeddable":true,"href":"https:\/\/vocesdebaires.com.ar\/index.php\/wp-json\/wp\/v2\/categories?post=4688"},{"taxonomy":"post_tag","embeddable":true,"href":"https:\/\/vocesdebaires.com.ar\/index.php\/wp-json\/wp\/v2\/tags?post=4688"}],"curies":[{"name":"wp","href":"https:\/\/api.w.org\/{rel}","templated":true}]}}