{"id":4692,"date":"2019-08-15T03:12:23","date_gmt":"2019-08-15T06:12:23","guid":{"rendered":"http:\/\/vocesdebaires.com.ar\/wordpress\/index.php\/2019\/08\/15\/plaza-miserereatraparon-arrebatador-de-celulares\/"},"modified":"2019-08-15T03:12:23","modified_gmt":"2019-08-15T06:12:23","slug":"plaza-miserereatraparon-arrebatador-de-celulares","status":"publish","type":"post","link":"https:\/\/vocesdebaires.com.ar\/index.php\/2019\/08\/15\/plaza-miserereatraparon-arrebatador-de-celulares\/","title":{"rendered":"Plaza Miserere:Atraparon arrebatador de celulares"},"content":{"rendered":"<p>En las \u00faltimas horas, la Polic\u00eda de la Ciudad, con el aporte de las im\u00e1genes de las c\u00e1maras de seguridad del Centro de Monitoreo Urbano (CMU), detuvo a un hombre que intent\u00f3 arrebatar el celular a una mujer frente a la Plaza Miserere.Oficiales de la fuerza porte\u00f1a realizaban tareas de prevenci\u00f3n de delitos en la zona de trasportes p\u00fablicos de Once, cuando se alertaron por una mujer que ped\u00eda auxilio se\u00f1alando a un sujeto que escapaba a la carrera del lugar.<\/p>\n<p>Inmediatamente, el personal policial corri\u00f3 tras el fugitivo, contando con el apoyo de las indicaciones de los operadores del CMU, quienes segu\u00edan los movimientos del arrebatador en tiempo real con la diferentes c\u00e1maras instaladas en la zona, hasta que finalmente lograron atraparlo sobre la d\u00e1rsena de colectivos ubicada en la calle Mitre, donde fue requisado e identificado frente a testigos.Por orden del Juzgado Criminal y Correccional N\u00ba 6, a cargo de la Dra. Provitola, el ladr\u00f3n, argentino de 31 a\u00f1os de edad, fue trasladado hasta la alcaid\u00eda 1 B de la Polic\u00eda de la Ciudad.<\/p>\n","protected":false},"excerpt":{"rendered":"<p>En las \u00faltimas horas, la Polic\u00eda de la Ciudad, con el aporte de las im\u00e1genes de las c\u00e1maras de seguridad del Centro de Monitoreo Urbano (CMU), detuvo a un hombre que intent\u00f3 arrebatar el celular a una mujer frente a la Plaza Miserere.Oficiales de la fuerza porte\u00f1a realizaban tareas de prevenci\u00f3n de delitos en la [&hellip;]<\/p>\n","protected":false},"author":1,"featured_media":4693,"comment_status":"open","ping_status":"open","sticky":false,"template":"","format":"standard","meta":{"_et_pb_use_builder":"","_et_pb_old_content":"","_et_gb_content_width":"","footnotes":""},"categories":[11,32],"tags":[],"class_list":["post-4692","post","type-post","status-publish","format-standard","has-post-thumbnail","hentry","category-ciudad","category-comunas"],"_links":{"self":[{"href":"https:\/\/vocesdebaires.com.ar\/index.php\/wp-json\/wp\/v2\/posts\/4692"}],"collection":[{"href":"https:\/\/vocesdebaires.com.ar\/index.php\/wp-json\/wp\/v2\/posts"}],"about":[{"href":"https:\/\/vocesdebaires.com.ar\/index.php\/wp-json\/wp\/v2\/types\/post"}],"author":[{"embeddable":true,"href":"https:\/\/vocesdebaires.com.ar\/index.php\/wp-json\/wp\/v2\/users\/1"}],"replies":[{"embeddable":true,"href":"https:\/\/vocesdebaires.com.ar\/index.php\/wp-json\/wp\/v2\/comments?post=4692"}],"version-history":[{"count":0,"href":"https:\/\/vocesdebaires.com.ar\/index.php\/wp-json\/wp\/v2\/posts\/4692\/revisions"}],"wp:featuredmedia":[{"embeddable":true,"href":"https:\/\/vocesdebaires.com.ar\/index.php\/wp-json\/wp\/v2\/media\/4693"}],"wp:attachment":[{"href":"https:\/\/vocesdebaires.com.ar\/index.php\/wp-json\/wp\/v2\/media?parent=4692"}],"wp:term":[{"taxonomy":"category","embeddable":true,"href":"https:\/\/vocesdebaires.com.ar\/index.php\/wp-json\/wp\/v2\/categories?post=4692"},{"taxonomy":"post_tag","embeddable":true,"href":"https:\/\/vocesdebaires.com.ar\/index.php\/wp-json\/wp\/v2\/tags?post=4692"}],"curies":[{"name":"wp","href":"https:\/\/api.w.org\/{rel}","templated":true}]}}