{"id":4694,"date":"2019-08-15T03:07:25","date_gmt":"2019-08-15T06:07:25","guid":{"rendered":"http:\/\/vocesdebaires.com.ar\/wordpress\/index.php\/2019\/08\/15\/balbin-abrira-el-debate-en-un-seminario\/"},"modified":"2019-08-15T03:07:25","modified_gmt":"2019-08-15T06:07:25","slug":"balbin-abrira-el-debate-en-un-seminario","status":"publish","type":"post","link":"https:\/\/vocesdebaires.com.ar\/index.php\/2019\/08\/15\/balbin-abrira-el-debate-en-un-seminario\/","title":{"rendered":"Balb\u00edn abrir\u00e1 el debate en un seminario"},"content":{"rendered":"<p>El pr\u00f3ximo martes 20 de agosto, entre las 18 y las 20, en el Sal\u00f3n Rojo de la Facultad de Derecho de la Universidad de Buenos Aires\u00a0 y con la participaci\u00f3n de especialistas locales en temas de transparencia y participaci\u00f3n ciudadana, el actual presidente de la Sala I de la C\u00e1mara de Apelaciones en lo Contencioso Administrativo y Tributario de la Ciudad de Buenos Aires, Carlos Balb\u00edn, presentar\u00e1 este encuentro que se realizar\u00e1 bajo la modalidad de conversaci\u00f3n abierta.<\/p>\n<p>En el seminario, que ser\u00e1 abierto al p\u00fablico, se abordar\u00e1n temas referidos no s\u00f3lo a los conflictos de inter\u00e9s y la corrupci\u00f3n, sino tambi\u00e9n acerca del rol de la Oficina Anticorrupci\u00f3n. El Centro de Estudios sobre Transparencia y Lucha contra la Corrupci\u00f3n publicar\u00e1 un resumen de las principales conclusiones, con la voluntad de difundir posteriormente dichas propuestas, que ya se encuentran en debate en el Congreso de la Naci\u00f3n. La actividad es de car\u00e1cter libre y gratuito.<\/p>\n","protected":false},"excerpt":{"rendered":"<p>El pr\u00f3ximo martes 20 de agosto, entre las 18 y las 20, en el Sal\u00f3n Rojo de la Facultad de Derecho de la Universidad de Buenos Aires\u00a0 y con la participaci\u00f3n de especialistas locales en temas de transparencia y participaci\u00f3n ciudadana, el actual presidente de la Sala I de la C\u00e1mara de Apelaciones en lo [&hellip;]<\/p>\n","protected":false},"author":1,"featured_media":4695,"comment_status":"open","ping_status":"open","sticky":false,"template":"","format":"standard","meta":{"_et_pb_use_builder":"","_et_pb_old_content":"","_et_gb_content_width":"","footnotes":""},"categories":[11,33],"tags":[],"class_list":["post-4694","post","type-post","status-publish","format-standard","has-post-thumbnail","hentry","category-ciudad","category-sociedad-y-cultura-2"],"_links":{"self":[{"href":"https:\/\/vocesdebaires.com.ar\/index.php\/wp-json\/wp\/v2\/posts\/4694"}],"collection":[{"href":"https:\/\/vocesdebaires.com.ar\/index.php\/wp-json\/wp\/v2\/posts"}],"about":[{"href":"https:\/\/vocesdebaires.com.ar\/index.php\/wp-json\/wp\/v2\/types\/post"}],"author":[{"embeddable":true,"href":"https:\/\/vocesdebaires.com.ar\/index.php\/wp-json\/wp\/v2\/users\/1"}],"replies":[{"embeddable":true,"href":"https:\/\/vocesdebaires.com.ar\/index.php\/wp-json\/wp\/v2\/comments?post=4694"}],"version-history":[{"count":0,"href":"https:\/\/vocesdebaires.com.ar\/index.php\/wp-json\/wp\/v2\/posts\/4694\/revisions"}],"wp:featuredmedia":[{"embeddable":true,"href":"https:\/\/vocesdebaires.com.ar\/index.php\/wp-json\/wp\/v2\/media\/4695"}],"wp:attachment":[{"href":"https:\/\/vocesdebaires.com.ar\/index.php\/wp-json\/wp\/v2\/media?parent=4694"}],"wp:term":[{"taxonomy":"category","embeddable":true,"href":"https:\/\/vocesdebaires.com.ar\/index.php\/wp-json\/wp\/v2\/categories?post=4694"},{"taxonomy":"post_tag","embeddable":true,"href":"https:\/\/vocesdebaires.com.ar\/index.php\/wp-json\/wp\/v2\/tags?post=4694"}],"curies":[{"name":"wp","href":"https:\/\/api.w.org\/{rel}","templated":true}]}}