{"id":4698,"date":"2019-08-14T03:57:07","date_gmt":"2019-08-14T06:57:07","guid":{"rendered":"http:\/\/vocesdebaires.com.ar\/wordpress\/index.php\/2019\/08\/14\/larreta-lousteau-visitaron-futura-comisaria-comuna-1\/"},"modified":"2019-08-14T03:57:07","modified_gmt":"2019-08-14T06:57:07","slug":"larreta-lousteau-visitaron-futura-comisaria-comuna-1","status":"publish","type":"post","link":"https:\/\/vocesdebaires.com.ar\/index.php\/2019\/08\/14\/larreta-lousteau-visitaron-futura-comisaria-comuna-1\/","title":{"rendered":"Larreta, Lousteau: Visitaron futura Comisar\u00eda Comuna 1"},"content":{"rendered":"<p>El jefe de Gobierno porte\u00f1o, Horacio Rodr\u00edguez Larreta; el vicejefe de Gobierno y ministro de Justicia y Seguridad de la Ciudad, Diego Santilli, y el diputado nacional, Mart\u00edn Lousteau, recorrieron este martes la obra de la Oficina de Atenci\u00f3n de la futura Comisar\u00eda Comunal 1, la cual se enmarca en el proyecto de redistribuci\u00f3n territorial de los edificios de comisar\u00edas de la Polic\u00eda de la Ciudad. Larreta asegur\u00f3 que \u201ces un orgullo tener un edificio de estas caracter\u00edsticas para la Polic\u00eda&quot;, y que \u201ces muy importante que tengan un buen lugar para trabajar, un lugar adecuado para recibir a la gente\u201d. El Jefe de Gobierno precis\u00f3 que actualmente \u201cestamos construyendo cuatro de estas\u201d comisar\u00edas comunales y que \u201ces parte de toda la jerarquizaci\u00f3n que estamos haciendo de la seguridad para cuidar a los vecinos de Buenos Aires\u201d.<\/p>\n<p>Por su parte, Santilli explic\u00f3 que \u201cla Ciudad de Buenos Aires est\u00e1 dividida en 15 comunas, cada comuna va a tener una Comisar\u00eda Comunal donde centralizamos todo, la operaci\u00f3n de investigaci\u00f3n, la operaci\u00f3n de alcald\u00edas&quot;. El vicejefe de Gobierno porte\u00f1o dijo que se trata de \u201cun trabajo integrado para tener muchos m\u00e1s polic\u00edas en la calle y menos en las comisar\u00edas\u201d. En tanto, Lousteau destac\u00f3 la posibilidad \u201cpara el ciudadano de hacer su denuncia de distintas maneras y alimentar as\u00ed al mapa del delito y empezar a entender los patrones con los que ocurre el delito para poder prevenirlo mejor\u201d. \u201cUn edificio de estas caracter\u00edsticas da una se\u00f1al al ciudadano para que se acerque\u201d, agreg\u00f3.<\/p>\n<p>La Oficina de Atenci\u00f3n tiene 1.200 metros cuadrados de superficie y cuenta con sala de espera, recepci\u00f3n, cinco puestos de toma de denuncia, dos cabinas conectadas con el Ministerio P\u00fablico Fiscal y seis puestos de Pol\u00edticas de G\u00e9nero. Adem\u00e1s, en este espacio van a trabajar una asistente social, una psic\u00f3loga, un m\u00e9dico legista y tres jefes de Servicio. La Comisar\u00eda Comunal 1, ubicada en Av. de los Inmigrantes 2551, tendr\u00e1 una superficie de 4.100 metros cuadrados, y contar\u00e1 con las siguientes \u00e1reas: Jefatura Comunal, Jefatura de Operaciones, Pol\u00edticas de G\u00e9nero, Planificaci\u00f3n operativa del Servicio, Brigadas de Investigaci\u00f3n, Cabinas de denuncias, Sumarios y actuaciones, Comedor, Gimnasio, Alcaid\u00eda (20 celdas) y Vestuario (capacidad m\u00e1xima para 700 personas).<\/p>\n<p>Para mejorar la cobertura territorial de toda la Ciudad, los edificios de las comisar\u00edas se est\u00e1n redistribuyendo de acuerdo a la actual divisi\u00f3n jur\u00eddica en 15 comunas. De esta manera, cada comuna cuenta con una Comisar\u00eda Comunal que centraliza la planificaci\u00f3n en dicho territorio. En esta tarea, cada una de ellas es acompa\u00f1ada por tres Comisar\u00edas Vecinales (28 en total), que es el nombre que reciben las comisar\u00edas tradicionales ya existentes. Gracias a esta nueva distribuci\u00f3n, los vecinos tienen, en promedio, una comisar\u00eda m\u00e1s cerca de su casa. A su vez, las nuevas Comisar\u00edas Comunales cuentan con una mejor infraestructura para la atenci\u00f3n primaria, una mayor dotaci\u00f3n de recursos de polic\u00eda cient\u00edfica y violencia de g\u00e9nero, una mayor capacidad de investigaci\u00f3n de denuncias y un contacto directo con la Fiscal\u00eda a trav\u00e9s de las nuevas cabinas de denuncias.<\/p>\n<p>Foto de Sandra Hern\u00e1ndez \/ GCBA \/ mig<\/p>\n","protected":false},"excerpt":{"rendered":"<p>El jefe de Gobierno porte\u00f1o, Horacio Rodr\u00edguez Larreta; el vicejefe de Gobierno y ministro de Justicia y Seguridad de la Ciudad, Diego Santilli, y el diputado nacional, Mart\u00edn Lousteau, recorrieron este martes la obra de la Oficina de Atenci\u00f3n de la futura Comisar\u00eda Comunal 1, la cual se enmarca en el proyecto de redistribuci\u00f3n territorial [&hellip;]<\/p>\n","protected":false},"author":1,"featured_media":4699,"comment_status":"open","ping_status":"open","sticky":false,"template":"","format":"standard","meta":{"_et_pb_use_builder":"","_et_pb_old_content":"","_et_gb_content_width":"","footnotes":""},"categories":[11,32],"tags":[],"class_list":["post-4698","post","type-post","status-publish","format-standard","has-post-thumbnail","hentry","category-ciudad","category-comunas"],"_links":{"self":[{"href":"https:\/\/vocesdebaires.com.ar\/index.php\/wp-json\/wp\/v2\/posts\/4698"}],"collection":[{"href":"https:\/\/vocesdebaires.com.ar\/index.php\/wp-json\/wp\/v2\/posts"}],"about":[{"href":"https:\/\/vocesdebaires.com.ar\/index.php\/wp-json\/wp\/v2\/types\/post"}],"author":[{"embeddable":true,"href":"https:\/\/vocesdebaires.com.ar\/index.php\/wp-json\/wp\/v2\/users\/1"}],"replies":[{"embeddable":true,"href":"https:\/\/vocesdebaires.com.ar\/index.php\/wp-json\/wp\/v2\/comments?post=4698"}],"version-history":[{"count":0,"href":"https:\/\/vocesdebaires.com.ar\/index.php\/wp-json\/wp\/v2\/posts\/4698\/revisions"}],"wp:featuredmedia":[{"embeddable":true,"href":"https:\/\/vocesdebaires.com.ar\/index.php\/wp-json\/wp\/v2\/media\/4699"}],"wp:attachment":[{"href":"https:\/\/vocesdebaires.com.ar\/index.php\/wp-json\/wp\/v2\/media?parent=4698"}],"wp:term":[{"taxonomy":"category","embeddable":true,"href":"https:\/\/vocesdebaires.com.ar\/index.php\/wp-json\/wp\/v2\/categories?post=4698"},{"taxonomy":"post_tag","embeddable":true,"href":"https:\/\/vocesdebaires.com.ar\/index.php\/wp-json\/wp\/v2\/tags?post=4698"}],"curies":[{"name":"wp","href":"https:\/\/api.w.org\/{rel}","templated":true}]}}