{"id":471,"date":"2021-01-18T03:00:00","date_gmt":"2021-01-18T06:00:00","guid":{"rendered":"http:\/\/vocesdebaires.com.ar\/wordpress\/index.php\/2021\/01\/18\/donde-encontrar-la-feria-sabe-la-tierra\/"},"modified":"2021-01-18T03:00:00","modified_gmt":"2021-01-18T06:00:00","slug":"donde-encontrar-la-feria-sabe-la-tierra","status":"publish","type":"post","link":"https:\/\/vocesdebaires.com.ar\/index.php\/2021\/01\/18\/donde-encontrar-la-feria-sabe-la-tierra\/","title":{"rendered":"D\u00f3nde encontrar la feria \u201cSabe la tierra\u201d"},"content":{"rendered":"<p>Estar\u00e1 todos los viernes en Almagro y los s\u00e1bados en Plaza Colombia de 9 a 15 hs con mercado propio. Mientras que los domingos se ubicar\u00e1 en Plaza Irlanda y Parque Saavedra, junto a Ferias de la Ciudad, de 8 a 14 hs. Con entrada libre y gratuita. A diferencia de ediciones anteriores, todos los productos que se encuentran en la feria son para llevar. Por el momento, la venta de &quot;comida elaborada&quot; est\u00e1 suspendida por el contexto de pandemia.<\/p>\n<p><strong>Objetivos:<\/strong><br \/>Brindar espacio a los peque\u00f1os productores de cada barrio.<br \/>Establecer un intercambio entre productores y consumidores.<br \/>Visibilizar alimentos saludables e incentivar su consumo.<br \/>Apoyar a los peque\u00f1os emprendedores.<\/p>\n<p><strong>\u00bfQu\u00e9 podemos encontrar en la feria?<\/strong><br \/>Frutas y verduras agroecol\u00f3gicas, panificados y reposter\u00eda integral, frutos secos agroecol\u00f3gicos, quesos artesanales, huevos de campo, miel agroecol\u00f3gica, aceite de oliva, jugos y bebidas naturales, productos de almac\u00e9n saludable, comida macrobi\u00f3tica, vegana, sin tacc y saludable.<br \/>Cosm\u00e9tica natural.<br \/>Objetos de dise\u00f1o realizados con material reciclado como juguetes realizados con material de descarte, lapiceras ecol\u00f3gicas, l\u00e1pices plantables, porta celulares y vajilla de barro artesanal.<\/p>\n<p><strong>\u00bfQu\u00e9 d\u00edas funciona la feria?<\/strong><br \/>Todos los Viernes: Av. La Plata y Av. Rivadavia, Almagro de 9 a 15 hs. en Almagro con mercado propio.<br \/>S\u00e1bados: Isabel La Cat\u00f3lica y Pinz\u00f3n, Plaza Colombia, Barracas de 9 a 15 hs. en Barracas con mercado propio (el s\u00e1bado 16 de enero se suspende por lluvia)<\/p>\n<p><strong>Domingos:<\/strong><br \/>Alte Segu\u00ed al 900, esquina Neuqu\u00e9n, Plaza Irlanda, Caballito, junto a Ferias de la Ciudad de 8 a 14 hs.<br \/>Garc\u00eda del R\u00edo 3200, Parque Saavedra, junto a Ferias de la Ciudad de 8 a 14 hs.<\/p>\n","protected":false},"excerpt":{"rendered":"<p>Estar\u00e1 todos los viernes en Almagro y los s\u00e1bados en Plaza Colombia de 9 a 15 hs con mercado propio. Mientras que los domingos se ubicar\u00e1 en Plaza Irlanda y Parque Saavedra, junto a Ferias de la Ciudad, de 8 a 14 hs. Con entrada libre y gratuita. A diferencia de ediciones anteriores, todos los [&hellip;]<\/p>\n","protected":false},"author":1,"featured_media":472,"comment_status":"open","ping_status":"open","sticky":false,"template":"","format":"standard","meta":{"_et_pb_use_builder":"","_et_pb_old_content":"","_et_gb_content_width":"","footnotes":""},"categories":[11,32],"tags":[],"class_list":["post-471","post","type-post","status-publish","format-standard","has-post-thumbnail","hentry","category-ciudad","category-comunas"],"_links":{"self":[{"href":"https:\/\/vocesdebaires.com.ar\/index.php\/wp-json\/wp\/v2\/posts\/471"}],"collection":[{"href":"https:\/\/vocesdebaires.com.ar\/index.php\/wp-json\/wp\/v2\/posts"}],"about":[{"href":"https:\/\/vocesdebaires.com.ar\/index.php\/wp-json\/wp\/v2\/types\/post"}],"author":[{"embeddable":true,"href":"https:\/\/vocesdebaires.com.ar\/index.php\/wp-json\/wp\/v2\/users\/1"}],"replies":[{"embeddable":true,"href":"https:\/\/vocesdebaires.com.ar\/index.php\/wp-json\/wp\/v2\/comments?post=471"}],"version-history":[{"count":0,"href":"https:\/\/vocesdebaires.com.ar\/index.php\/wp-json\/wp\/v2\/posts\/471\/revisions"}],"wp:featuredmedia":[{"embeddable":true,"href":"https:\/\/vocesdebaires.com.ar\/index.php\/wp-json\/wp\/v2\/media\/472"}],"wp:attachment":[{"href":"https:\/\/vocesdebaires.com.ar\/index.php\/wp-json\/wp\/v2\/media?parent=471"}],"wp:term":[{"taxonomy":"category","embeddable":true,"href":"https:\/\/vocesdebaires.com.ar\/index.php\/wp-json\/wp\/v2\/categories?post=471"},{"taxonomy":"post_tag","embeddable":true,"href":"https:\/\/vocesdebaires.com.ar\/index.php\/wp-json\/wp\/v2\/tags?post=471"}],"curies":[{"name":"wp","href":"https:\/\/api.w.org\/{rel}","templated":true}]}}