{"id":4732,"date":"2019-08-12T03:00:00","date_gmt":"2019-08-12T06:00:00","guid":{"rendered":"http:\/\/vocesdebaires.com.ar\/wordpress\/index.php\/2019\/08\/12\/amparo-colectivo-de-la-comunidad-educativa\/"},"modified":"2019-08-12T03:00:00","modified_gmt":"2019-08-12T06:00:00","slug":"amparo-colectivo-de-la-comunidad-educativa","status":"publish","type":"post","link":"https:\/\/vocesdebaires.com.ar\/index.php\/2019\/08\/12\/amparo-colectivo-de-la-comunidad-educativa\/","title":{"rendered":"Amparo colectivo de la comunidad educativa"},"content":{"rendered":"<p>En el marco de los autos caratulados Castro, Natalia y otros c\/ Ministerio de Educaci\u00f3n s\/ amparo educaci\u00f3n otros, a fin de dar cumplimiento con lo dispuesto en fecha 19 de julio de 2019 por el titular del Juzgado N\u00b0 17 en lo Contencioso Administrativo y Tributario, Marcelo Seg\u00f3n, se difunde la existencia, objeto y estado procesal del amparo de referencia.<\/p>\n<p>A tal fin, se hace saber que la acci\u00f3n de amparo fue interpuesta por Castro Natalia, Gianatelli Natalia, Alippe Mar\u00eda Victoria, Antonini L\u00f3pez Paola Fiorella, Gueijman Rom\u00e1n, Hlousek Ana Mar\u00eda, Padron Mar\u00eda Cecilia, Gentile Carla Vanesa, Bernabiti Rub\u00e9n Omar, Izurieta Mar\u00eda Clara, Russo Marlene Denise, Pallero Ivana Marcela, Amador Mariana Esther, Lopez Celano Emilia Eugenia, Peimer Paola, Goldman Samanta Clara, Duarte Laura, Alcaraz Romina Itati, Preste Felipe Nydia Marcela, Faunes Ana Carla, Gonzalez Mar\u00eda de la Paz, Scuffi Mariana, Cherro Melina, Machuca Ruben Dario, Alvarez Natalia Andrea, Albarran Weick Miriam, Popowski Natalia Paola, Ricci Cecilia, Chazarreta Eva Ines, Vega Lorena Soraya, Crespo Hernan Alejandro, Espada Ana Mar\u00eda, Cuccia Virgina, Saul Alberto Alejandro, Persico Gast\u00f3n, Goldberg Lucila, Arenas Mariana Sabrina, Alberro Maria Belen, Dubin Ver\u00f3nica, Battiato Diego Carlos, Grafho Marcela Giselle, Presta Judith Cecilia Susana, Pacello Cristina Griselda, Giavarino Vanesa Fernanda, Blanco Patricia Valeria, Gambina Leticia Aldana, Ortiz Juan Pablo, Mettino Jacqueline, Rodriguez Romina Alejandra, Reggi Lorena, \u00c1lvarez Carolina Claudia, Zinger Gimena, Gibson Valeria, Visintin Paola Adela, Cappelletti Mario Juli\u00e1n, Buki Patricia Vanina, Mar\u00eda Florencia Gregorio, Alvarez Papa Marina Carmen, Zitta Jorgelina Daniela, Ferreyra Alfredo Ovidio, Falcon Viviana Claudia, De Rosa Luciana, Zanetti Silvina Loreley, Weller Claudia Alejandra, Mar\u00eda Laura Gallina, Murphy de Cornalo Rachel Catherine, Julio Fernando Iammarino, Vila Natalia Paula, Dell\u2019Orto Mar\u00eda Alejandra, Lozupone Mar\u00eda Delia Carlota, Bettinardi Ana Margarita, Pirra Mar\u00eda Chantal, Delgado Espinoza Rafael Julio, Dorio Julieta Carla, Talpone H\u00e9ctor An\u00edbal, Castelli Fernando Gabriel German, Rodr\u00edguez Otero Mara Estela, Pellizzari Ricardo Fabi\u00e1n, Mastrogiulio Mar\u00eda Eva, Machluk Andrea Luciana, Israilevich Clarisa, Altayrac Paula Berenice, Niding Andrea Elizabeth, Blanco Garrido Sonia Sandra, Drimer Andr\u00e9s Guillermo, Ram\u00edrez Condo Edilburga Ortencia, Dom\u00ednguez Mar\u00eda Fernanda,\u00a0 Casali Valeria Silvia, Vel\u00e1zquez Juan Carlos, Broitman Anal\u00eda Isabel, Salerno Daniel Omar Roberto,\u00a0 Bronfen Ana Alejandra, Carrizo Russo Mar\u00eda Soledad, Maceibo Mar\u00eda Lorena,\u00a0 Fortuny Natalia Soledad, Garc\u00eda Valeria Andrea, Ciaffone Franco, Mazzola Rodrigo Hern\u00e1n, Vodanovich Eleonora, Mantelli Mara Gabriela, Olivares Andrea Karina, Kriegler Guillermina, Katz Florencia, Colonna Mar\u00eda Jos\u00e9, Fern\u00e1ndez Horacio Camilo, Campos Juan Carlos, Garc\u00eda Cedro Gabriela Esther, Provenzano Irene Mar\u00eda, Piacenti Mariana Isabel, Tamburini Pablo Andr\u00e9s, Rodr\u00edguez Carolina Beatriz, Ruiz Guadalupe, Aguilar Suyai Jimena, Gonz\u00e1lez Santiago Ruy, D\u00edaz Mar\u00eda Ver\u00f3nica, Figueroa Andrea Valeria, Araya Ana Mar\u00eda, Rujana Julieta Natalia, Nappe Micaela del Rosario, Miranda Celeste Giselle, Siracusa Jos\u00e9, Ram\u00edrez Susana Liliana, Zuik Mariana Paola, Paganetti Marianela, De Le\u00f3n Andrea Ver\u00f3nica, Valussi Mar\u00eda Victoria, Rojkind Julieta, De Raco Paula, Bartolom\u00e9 Paula Constanza, Fern\u00e1ndez Pablo Dami\u00e1n, P\u00e9rez Mara Natalia, Zerman Mariana, Haedo Trinidad, Sol\u00e1 \u00c1lvarez Mar\u00eda del Carmen, Beleniski Victoria, D\u00edaz Blanco Meritxell, Pontis Sarmiento Alicia Mar\u00eda de los \u00c1ngeles, Caperochipe Violeta, Gortatowski Karina Sara, D\u2019Aloisio Cecilia, Viere Florencia Micaela, Rodr\u00edguez Miacela Giselle, Fragasso Florencia, Yichi Gisela Vanesa, Alfonsin Silvina Andrea, Yurivilca Aguilar Fiorella Katia, Genz William Thomas, Samaniego Edgar David, Vitro Pablo Andr\u00e9s, Roccatagliata Silvina Herminia, Todarello Micaela, Battilana Vanesa Karina, Acu\u00f1a Natalia Raquel, Sorbellini Mauro Dar\u00edo, Ofman Laura Ruth, D\u2019Alessandro Bettina Mar\u00eda, Fern\u00e1ndez Ludmila Isolda, Pertigone Romina Laura, Germano Carla Agostina, Besada Romero Marcos Manuel, Wolcoff Mar\u00eda B\u00e1rbara, Maccarone Juan Ignacio y Del Giudice Mar\u00eda Laura contra el Gobierno de la Ciudad Aut\u00f3noma de Buenos Aires (Ministerio de Educaci\u00f3n e Innovaci\u00f3n).<\/p>\n<p>En cuanto al objeto, el mismo consiste en que se emita una orden para que para que el GCBA cese en su conducta de proceder a la implementaci\u00f3n de la Jornada extendida obligatoria en la Escuela \u201cPrimera Junta\u201d N\u00ba 3 D.E. N\u00ba 7 sin la participaci\u00f3n de la comunidad educativa. Se solicita intimar al GCBA a brindar informaci\u00f3n completa del Programa de Jornada Extendida que pretende aplicar en la Escuela N\u00ba 3 del D.E. N\u00ba 7. Por otra parte, requieren se ordene al GCBA convocar a un proceso participativo institucional sobre la implementaci\u00f3n de la jornada extendida en la escuela mencionada, a llevarse a cabo durante el a\u00f1o en curso y que incluya a estudiantes, docentes y familias.<\/p>\n<p>Por \u00faltimo se solicita control judicial para garantizar la implementaci\u00f3n de los canales participativos y la continuidad de los mismos, as\u00ed como tambi\u00e9n el respeto de los acuerdos logrados. En cuanto al estado procesal de los presentes actuados, a\u00fan no se ha analizado la admisibilidad de la v\u00eda intentada, ni se ha conferido traslado de la acci\u00f3n. Asimismo, se han ordenado medidas de difusi\u00f3n en los t\u00e9rminos del Acuerdo Plenario N\u00ba 4\/2016.<\/p>\n<p>Se hace saber que se ha otorgado a todas aquellas personas que pudieran tener un inter\u00e9s en el resultado del litigio, el plazo de diez d\u00edas para que se presenten en el expediente, constituyan domicilio y manifiesten lo que por derecho corresponda, bajo apercibimiento de continuar el juicio seg\u00fan su estado y sin perjuicio de lo previsto en el art. 84 y siguientes del C\u00f3digo Contencioso Administrativo y Tributario, corriendo dicho plazo a partir de la \u00faltima publicidad efectuada aqu\u00ed, o de la dispuesta en el Bolet\u00edn Oficial de la Ciudad de Buenos Aires, o de la dispuesta en la sede de la Comuna N\u00ba 6, o en la p\u00e1gina web del GCBA, o en la Escuela\u00a0 Primera Junta N\u00ba 3\u00a0 \u2013 D.E. N\u00ba 7.-<\/p>\n","protected":false},"excerpt":{"rendered":"<p>En el marco de los autos caratulados Castro, Natalia y otros c\/ Ministerio de Educaci\u00f3n s\/ amparo educaci\u00f3n otros, a fin de dar cumplimiento con lo dispuesto en fecha 19 de julio de 2019 por el titular del Juzgado N\u00b0 17 en lo Contencioso Administrativo y Tributario, Marcelo Seg\u00f3n, se difunde la existencia, objeto y [&hellip;]<\/p>\n","protected":false},"author":1,"featured_media":4733,"comment_status":"open","ping_status":"open","sticky":false,"template":"","format":"standard","meta":{"_et_pb_use_builder":"","_et_pb_old_content":"","_et_gb_content_width":"","footnotes":""},"categories":[11,32],"tags":[],"class_list":["post-4732","post","type-post","status-publish","format-standard","has-post-thumbnail","hentry","category-ciudad","category-comunas"],"_links":{"self":[{"href":"https:\/\/vocesdebaires.com.ar\/index.php\/wp-json\/wp\/v2\/posts\/4732"}],"collection":[{"href":"https:\/\/vocesdebaires.com.ar\/index.php\/wp-json\/wp\/v2\/posts"}],"about":[{"href":"https:\/\/vocesdebaires.com.ar\/index.php\/wp-json\/wp\/v2\/types\/post"}],"author":[{"embeddable":true,"href":"https:\/\/vocesdebaires.com.ar\/index.php\/wp-json\/wp\/v2\/users\/1"}],"replies":[{"embeddable":true,"href":"https:\/\/vocesdebaires.com.ar\/index.php\/wp-json\/wp\/v2\/comments?post=4732"}],"version-history":[{"count":0,"href":"https:\/\/vocesdebaires.com.ar\/index.php\/wp-json\/wp\/v2\/posts\/4732\/revisions"}],"wp:featuredmedia":[{"embeddable":true,"href":"https:\/\/vocesdebaires.com.ar\/index.php\/wp-json\/wp\/v2\/media\/4733"}],"wp:attachment":[{"href":"https:\/\/vocesdebaires.com.ar\/index.php\/wp-json\/wp\/v2\/media?parent=4732"}],"wp:term":[{"taxonomy":"category","embeddable":true,"href":"https:\/\/vocesdebaires.com.ar\/index.php\/wp-json\/wp\/v2\/categories?post=4732"},{"taxonomy":"post_tag","embeddable":true,"href":"https:\/\/vocesdebaires.com.ar\/index.php\/wp-json\/wp\/v2\/tags?post=4732"}],"curies":[{"name":"wp","href":"https:\/\/api.w.org\/{rel}","templated":true}]}}