{"id":4742,"date":"2019-08-09T03:00:00","date_gmt":"2019-08-09T06:00:00","guid":{"rendered":"http:\/\/vocesdebaires.com.ar\/wordpress\/index.php\/2019\/08\/09\/campanatombolini-recorrio-barrios-portenos\/"},"modified":"2019-08-09T03:00:00","modified_gmt":"2019-08-09T06:00:00","slug":"campanatombolini-recorrio-barrios-portenos","status":"publish","type":"post","link":"https:\/\/vocesdebaires.com.ar\/index.php\/2019\/08\/09\/campanatombolini-recorrio-barrios-portenos\/","title":{"rendered":"Campa\u00f1a:Tombolini recorri\u00f3, barrios porte\u00f1os"},"content":{"rendered":"<p>En su \u00faltima actividad porte\u00f1a antes del acto que compartir\u00e1 este jueves con Roberto Lavagna y Juan Manuel Urtubey, el candidato a jefe de Gobierno de Consenso Federal Mat\u00edas Tombolini visit\u00f3 varios comercios y establecimientos educativos y de salud de distintos barrios porte\u00f1os. La actividad, de la que particip\u00f3 Marco Lavagna, culmin\u00f3 con una caminata por la avenida Corrientes. La salida, que inclu\u00eda varias comunas y continu\u00f3 hasta la noche, comenz\u00f3 por la panader\u00eda Antigua Carpinacci, ubicada en Marcelo T. de Alvear 1536.<\/p>\n<p>\u201cEn este local emblem\u00e1tico de Recoleta, sus due\u00f1os, Pablo y Marisol, que son hermanos, nos contaron la situaci\u00f3n complicada que viven por la ca\u00edda de las ventas, el aumento de las tarifas y los altos impuestos que tienen que pagar\u201d, expres\u00f3 Tombolini, tras salir de la panader\u00eda.Al respecto, el candidato volvi\u00f3 a remarcar su plan de \u201cvolver a poner plata en el bolsillo de la gente\u201d, empezando por \u201cbajar la carga impositiva que pesa sobre los porte\u00f1os\u201d.El periplo continu\u00f3 por el taller mec\u00e1nico de Armando, ubicado en Estados Unidos 1660, en Monserrat (Comuna 1). Junto al primer candidato a diputado nacional de Consenso Federal, Marco Lavagna, Tombolini charl\u00f3 con el due\u00f1o, quien le cont\u00f3 que recibi\u00f3 un 50 por ciento menos de autos en relaci\u00f3n con el a\u00f1o anterior, y que dos locales aleda\u00f1os tuvieron que cerrar por el abrupto descenso de sus ventas.<\/p>\n<p>El CESAC N\u00ba 38, ubicado en Medrano 350, Almagro (Comuna 5), fue el siguiente punto de visita, debido a que tanto la salud, como la educaci\u00f3n, son prioridades del plan de gobierno de Tombolini.<br \/>El economista, adem\u00e1s, recorri\u00f3 comercios por Medrano junto a Rodrigo Herrera Bravo, quien integra la lista para la Legislatura porte\u00f1a. \u201c\u00bfEl dato? Persianas bajas y muy poco movimiento en una de las zonas m\u00e1s comerciales de la Ciudad\u201d, subray\u00f3 Tombolini.<\/p>\n<p>Tambi\u00e9n en la Comuna 5, el candidato visit\u00f3 la Escuela de Cer\u00e1mica N\u00ba 1 (Bulnes 45, Almagro), que corre el riesgo de ser trasladada. \u201cLa quieren llevar a Mataderos, sin tener en cuenta que los chicos y chicas de Almagro, que aprenden un oficio, tendr\u00edan que viajar m\u00e1s de una hora\u201d, explic\u00f3 Tombolini, solidariz\u00e1ndose con los alumnos y las alumnas del establecimiento educativo. A las dos y media de la tarde, Tombolini se acerc\u00f3 al Parque de la Isla de la Paternal, en la Comuna 15. \u201cCuando hablo de prioridades, me refiero a esto. Discutamos espacios verdes versus negocios inmobiliarios. Pero el Gobierno de la Ciudad, que nacionaliz\u00f3 la elecci\u00f3n, no quiere debatir cuestiones porte\u00f1as\u201d, manifest\u00f3.<\/p>\n<p>El cronograma continu\u00f3 por la tarde en el comercio Pijamas Paytiti, del barrio de Floresta (Comuna 10), y una recorrida por la Plaza Flores (Comuna 7). All\u00ed, junto a su primer candidato a comunero Fabi\u00e1n Lipovich, convers\u00f3 con los vecinos del barrio, quienes manifestaron su preocupaci\u00f3n por la inseguridad. Reordenar prioridades y gastar mejor el dinero p\u00fablico es contribuir a una mejor #SeguridadCiudadana, escribi\u00f3 Tombolini despu\u00e9s en sus redes. El recorrido termin\u00f3 por la noche con una caminata por la avenida Corrientes para abordar las problem\u00e1ticas de los teatros. Los candidatos a juntistas de cada una de las comunas visitadas, como tambi\u00e9n integrantes de las boletas para senadores, diputados nacionales y legisladores porte\u00f1os se sumaron en diferentes puntos de las recorrida.<\/p>\n","protected":false},"excerpt":{"rendered":"<p>En su \u00faltima actividad porte\u00f1a antes del acto que compartir\u00e1 este jueves con Roberto Lavagna y Juan Manuel Urtubey, el candidato a jefe de Gobierno de Consenso Federal Mat\u00edas Tombolini visit\u00f3 varios comercios y establecimientos educativos y de salud de distintos barrios porte\u00f1os. La actividad, de la que particip\u00f3 Marco Lavagna, culmin\u00f3 con una caminata [&hellip;]<\/p>\n","protected":false},"author":1,"featured_media":4743,"comment_status":"open","ping_status":"open","sticky":false,"template":"","format":"standard","meta":{"_et_pb_use_builder":"","_et_pb_old_content":"","_et_gb_content_width":"","footnotes":""},"categories":[11,32],"tags":[],"class_list":["post-4742","post","type-post","status-publish","format-standard","has-post-thumbnail","hentry","category-ciudad","category-comunas"],"_links":{"self":[{"href":"https:\/\/vocesdebaires.com.ar\/index.php\/wp-json\/wp\/v2\/posts\/4742"}],"collection":[{"href":"https:\/\/vocesdebaires.com.ar\/index.php\/wp-json\/wp\/v2\/posts"}],"about":[{"href":"https:\/\/vocesdebaires.com.ar\/index.php\/wp-json\/wp\/v2\/types\/post"}],"author":[{"embeddable":true,"href":"https:\/\/vocesdebaires.com.ar\/index.php\/wp-json\/wp\/v2\/users\/1"}],"replies":[{"embeddable":true,"href":"https:\/\/vocesdebaires.com.ar\/index.php\/wp-json\/wp\/v2\/comments?post=4742"}],"version-history":[{"count":0,"href":"https:\/\/vocesdebaires.com.ar\/index.php\/wp-json\/wp\/v2\/posts\/4742\/revisions"}],"wp:featuredmedia":[{"embeddable":true,"href":"https:\/\/vocesdebaires.com.ar\/index.php\/wp-json\/wp\/v2\/media\/4743"}],"wp:attachment":[{"href":"https:\/\/vocesdebaires.com.ar\/index.php\/wp-json\/wp\/v2\/media?parent=4742"}],"wp:term":[{"taxonomy":"category","embeddable":true,"href":"https:\/\/vocesdebaires.com.ar\/index.php\/wp-json\/wp\/v2\/categories?post=4742"},{"taxonomy":"post_tag","embeddable":true,"href":"https:\/\/vocesdebaires.com.ar\/index.php\/wp-json\/wp\/v2\/tags?post=4742"}],"curies":[{"name":"wp","href":"https:\/\/api.w.org\/{rel}","templated":true}]}}