{"id":4759,"date":"2019-08-07T03:00:00","date_gmt":"2019-08-07T06:00:00","guid":{"rendered":"http:\/\/vocesdebaires.com.ar\/wordpress\/index.php\/2019\/08\/07\/frente-de-todos-porteno-cerro-su-campana\/"},"modified":"2019-08-07T03:00:00","modified_gmt":"2019-08-07T06:00:00","slug":"frente-de-todos-porteno-cerro-su-campana","status":"publish","type":"post","link":"https:\/\/vocesdebaires.com.ar\/index.php\/2019\/08\/07\/frente-de-todos-porteno-cerro-su-campana\/","title":{"rendered":"Frente de Todos porte\u00f1o, cerr\u00f3 su campa\u00f1a"},"content":{"rendered":"<p>El Frente de Todos de la Ciudad Aut\u00f3noma de Buenos Aires, que lleva como precandidato a Jefe de Gobierno a Mat\u00edas Lammens y de vice, a Gisela Marziotta, realiz\u00f3 ayer martes por la tarde\u00a0 en el Obelisco su cierre de campa\u00f1a de cara a las PASO que se celebrar\u00e1n el pr\u00f3ximo domingo en todo el pa\u00eds.Antes del cierre, los 200 precandidatos de la lista porte\u00f1a del Frente de Todos viajaron en las seis l\u00edneas de Subte hasta confluir en el Obelisco, luego de subir y bajar de las diferentes formaciones en cada estaci\u00f3n con el objetivo de escuchar a los porte\u00f1os y contarles las propuestas que tienen para la Ciudad.<\/p>\n<p>Entre las principales medidas a tomar se encuentra la creaci\u00f3n de una Agencia de Ciencia y T\u00e9cnica que potencie a las pymes y genere empleo de calidad; la protecci\u00f3n de los inquilinos; el acceso a la primera vivienda, ya que uno de cada tres porte\u00f1os alquila; la construcci\u00f3n de treinta jardines maternales para dar soluci\u00f3n a la falta de 22 mil vacantes; m\u00e1s espacios verdes; la construcci\u00f3n de un hospital en la zona sur de la Ciudad; y la creaci\u00f3n de la L\u00ednea F de Subte, entre otras.<\/p>\n<p>Acompa\u00f1ar\u00e1n a la f\u00f3rmula Lammens-Marziotta los precandidatos a senadores, Mariano Recalde y Dora Barrancos; los precandidatos a diputados nacionales, Fernando \u201cPino\u201d Solanas, Victoria Donda, Paula Penacca e Itai Hagman; los precandidatos a legisladores, Claudia Neira, Claudio Ferre\u00f1o, Ofelia Fern\u00e1ndez, Claudio Morresi, Cecilia Segura, adem\u00e1s de todos los precandidatos a diputados, legisladores y comuneros del distrito.<\/p>\n","protected":false},"excerpt":{"rendered":"<p>El Frente de Todos de la Ciudad Aut\u00f3noma de Buenos Aires, que lleva como precandidato a Jefe de Gobierno a Mat\u00edas Lammens y de vice, a Gisela Marziotta, realiz\u00f3 ayer martes por la tarde\u00a0 en el Obelisco su cierre de campa\u00f1a de cara a las PASO que se celebrar\u00e1n el pr\u00f3ximo domingo en todo el [&hellip;]<\/p>\n","protected":false},"author":1,"featured_media":4760,"comment_status":"open","ping_status":"open","sticky":false,"template":"","format":"standard","meta":{"_et_pb_use_builder":"","_et_pb_old_content":"","_et_gb_content_width":"","footnotes":""},"categories":[11,32],"tags":[],"class_list":["post-4759","post","type-post","status-publish","format-standard","has-post-thumbnail","hentry","category-ciudad","category-comunas"],"_links":{"self":[{"href":"https:\/\/vocesdebaires.com.ar\/index.php\/wp-json\/wp\/v2\/posts\/4759"}],"collection":[{"href":"https:\/\/vocesdebaires.com.ar\/index.php\/wp-json\/wp\/v2\/posts"}],"about":[{"href":"https:\/\/vocesdebaires.com.ar\/index.php\/wp-json\/wp\/v2\/types\/post"}],"author":[{"embeddable":true,"href":"https:\/\/vocesdebaires.com.ar\/index.php\/wp-json\/wp\/v2\/users\/1"}],"replies":[{"embeddable":true,"href":"https:\/\/vocesdebaires.com.ar\/index.php\/wp-json\/wp\/v2\/comments?post=4759"}],"version-history":[{"count":0,"href":"https:\/\/vocesdebaires.com.ar\/index.php\/wp-json\/wp\/v2\/posts\/4759\/revisions"}],"wp:featuredmedia":[{"embeddable":true,"href":"https:\/\/vocesdebaires.com.ar\/index.php\/wp-json\/wp\/v2\/media\/4760"}],"wp:attachment":[{"href":"https:\/\/vocesdebaires.com.ar\/index.php\/wp-json\/wp\/v2\/media?parent=4759"}],"wp:term":[{"taxonomy":"category","embeddable":true,"href":"https:\/\/vocesdebaires.com.ar\/index.php\/wp-json\/wp\/v2\/categories?post=4759"},{"taxonomy":"post_tag","embeddable":true,"href":"https:\/\/vocesdebaires.com.ar\/index.php\/wp-json\/wp\/v2\/tags?post=4759"}],"curies":[{"name":"wp","href":"https:\/\/api.w.org\/{rel}","templated":true}]}}