{"id":4770,"date":"2019-08-06T03:00:00","date_gmt":"2019-08-06T06:00:00","guid":{"rendered":"http:\/\/vocesdebaires.com.ar\/wordpress\/index.php\/2019\/08\/06\/archivo-generalcomienza-la-mudanza\/"},"modified":"2019-08-06T03:00:00","modified_gmt":"2019-08-06T06:00:00","slug":"archivo-generalcomienza-la-mudanza","status":"publish","type":"post","link":"https:\/\/vocesdebaires.com.ar\/index.php\/2019\/08\/06\/archivo-generalcomienza-la-mudanza\/","title":{"rendered":"Archivo General:Comienza la mudanza"},"content":{"rendered":"<p>La c\u00e1rcel de Caseros, en el barrio de Parque Patricios, cont\u00f3 en su momento, adem\u00e1s del viejo edificio donde se filmaron las tres temporadas de El Marginal, con una mole de 25 pisos que fue inaugurada en 1979 y que muy pronto qued\u00f3 totalmente obsoleta. El edificio fue demolido en 2008 y hace tres a\u00f1os comenz\u00f3 a construirse all\u00ed la nueva sede del Archivo General de la Naci\u00f3n, que ya est\u00e1 terminada. La mudanza comenzar\u00e1 a mediados de agosto y se espera que dure un par de meses. La nueva sede del AGN cost\u00f3 560 millones de pesos. El 66% fue financiado por el Banco de Desarrollo de Am\u00e9rica Latina (CAF) y el 34% por el Estado nacional.<\/p>\n<p>El AGN tiene documentos en papel, fotogr\u00e1ficos y en video. El edificio anterior (ubicado en Alem entre Per\u00f3n y Sarmiento) era un banco y tiene las peores condiciones para ser un archivo. En cambio, este edificio fue construido para esa funci\u00f3n\u00bb, asegura Emilio Perina, director del Archivo, mientras le quita el pl\u00e1stico a una de las flamantes sillas de lo que ser\u00e1 su oficina. El ventanal a su espalda da a la derruida vieja c\u00e1rcel de Caseros, donde pronto se empezar\u00e1 a construir el nuevo edificio del Ministerio de Econom\u00eda y Finanzas del gobierno porte\u00f1o. Seg\u00fan comenta Perina, el Estado no hac\u00eda un edificio para ser archivo desde 1938. Un archivo tiene que tener cimientos muy importantes, que soporten peso, sistemas de c\u00e1maras de seguridad y antincendios, aire acondicionado, deshumidificadores y ladrillos ign\u00edfugos para que el incendio no se propague r\u00e1pidamente.<\/p>\n<p>El nuevo edificio de la AGN, muy luminoso, contar\u00e1 con una sala de consulta para el p\u00fablico, un microcine para 250 personas y hasta un caf\u00e9 para que los lectores puedan relajarse un poco. El edificio es la imagen del salto de calidad de un archivo del siglo XIX al siglo XXI, destaca el funcionario. Ubicado a metros del Hospital Garrahan, entre las calles Rondeau, Pichincha, 15 de noviembre y Pasco el edificio tiene 10 mil metros cuadrados y est\u00e1 dividido en dos bloques. El bloque 1, de dos pisos, tiene salas de trabajo y consulta, un SUM y la cafeter\u00eda, mientras que en el bloque 2m, de seis pisos, est\u00e1n las salas de digitalizaci\u00f3n y conservaci\u00f3n y los dep\u00f3sitos de guarda de documentos. En total son 29 dep\u00f3sitos, 3300 metros cuadrados donde entran 20 kil\u00f3metros lineales de documentaci\u00f3n. Tambi\u00e9n tiene un espacio verde para salir a tomar aire.<\/p>\n<p>Perina resalta la importancia de contar con un nuevo edificio. \u00abHay documentaci\u00f3n que deber\u00edamos tener que se est\u00e1 pudriendo en reparticiones por falta de espacio. Y la digitalizaci\u00f3n no te resuelve todo, porque los archivos digitales requieren migraciones permanentes y es muy caro migrar. Ten\u00e9s que tener un reaseguro f\u00edsico\u00bb, se\u00f1ala. En el siglo XXI, los archivos cumplen una triple funci\u00f3n: sirven de base para los investigadores, no solo historiadores, sino tambi\u00e9n soci\u00f3logos, economistas o cualquier ciudadano que quiera tener acceso a la informaci\u00f3n o que est\u00e9 investigando para una novela o una obra de arte de cualquier tipo, una pel\u00edcula o un documental. Por mes, pasan unas 500 personas en busca de informaci\u00f3n, en su mayor\u00eda investigadores.<\/p>\n<p>Tambi\u00e9n sirven como \u00abmemoria institucional\u00bb. Cuando el Presidente o uno de sus ministros firma un documento, va a parar al AGN. Es un elemento que tiene que ver con el republicanismo, ya que sirve para el control ciudadano. La tercera funci\u00f3n es la protecci\u00f3n de los derechos de los ciudadanos. El derecho a la informaci\u00f3n, a la identidad, derechos que exceden los plazos de la justicia. Del Virreinato hasta hoy. El archivo cuenta con documentaci\u00f3n de la \u00e9poca del Virreinato, as\u00ed como cartas de San Mart\u00edn y Belgrano de las guerras de la Independencia. Tambi\u00e9n resguarda un mill\u00f3n de im\u00e1genes fotogr\u00e1ficas (500 mil digitalizadas). Entre las m\u00e1s valiosas, se destaca la famosa colecci\u00f3n Witcomb.<\/p>\n<p>El ingl\u00e9s Alexander Witcomb lleg\u00f3 al pa\u00eds 1850 y fue uno de los primeros fot\u00f3grafos profesionales que trabajaron en estas tierras. Toda la clase alta argentina fotografi\u00f3 con \u00e9l sus bautismos y casamientos. Empiezan siendo daguerrotipos y luego placas en vidrio. En sus ratos libres, Witcomb se dedicaba a pasear y tambi\u00e9n hizo retratos impresionantes de La Pampa y la Patagonia. El AGN tambi\u00e9n cuenta con la colecci\u00f3n de las revista Caras y Caretas, y los diarios Noticias Gr\u00e1ficas, Cr\u00edtica y Tiempo Argentino. Hasta 1947 los decretos presidenciales acompa\u00f1aban el expediente, lo que hoy es considerado una barbaridad. Eso quiere decir que muchos decretos se han perdido porque terminaron en ministerios. A partir del 47, todos los decretos presidenciales est\u00e1n en el AGN.<\/p>\n<p>El Archivo cuenta tambi\u00e9n con 30 mil horas de noticieros de cine, de distintas \u00e9pocas, aunque hay agujeros. El primer noticiero que se hizo era privado y se pasaba en los cines. Al empresario Max Gl\u00fccksmann se le ocurri\u00f3 comprar una c\u00e1mara de 16 mil\u00edmetros y pasarlo en los cines. Esas im\u00e1genes est\u00e1n preservadas en el AGN. Cuando a Perina se lo consulta por sus documentos favoritos, duda un instante, y elige un video de Bartolom\u00e9 Mitre caminando de 1901 durante la inauguraci\u00f3n del Museo Hist\u00f3rico Nacional, la pel\u00edcula m\u00e1s antigua que conserva el AGN, y una foto de la figura de una jirafa gigante frente al Cabildo durante la celebraci\u00f3n de los carnavales de 1941<\/p>\n","protected":false},"excerpt":{"rendered":"<p>La c\u00e1rcel de Caseros, en el barrio de Parque Patricios, cont\u00f3 en su momento, adem\u00e1s del viejo edificio donde se filmaron las tres temporadas de El Marginal, con una mole de 25 pisos que fue inaugurada en 1979 y que muy pronto qued\u00f3 totalmente obsoleta. El edificio fue demolido en 2008 y hace tres a\u00f1os [&hellip;]<\/p>\n","protected":false},"author":1,"featured_media":4771,"comment_status":"open","ping_status":"open","sticky":false,"template":"","format":"standard","meta":{"_et_pb_use_builder":"","_et_pb_old_content":"","_et_gb_content_width":"","footnotes":""},"categories":[11,32],"tags":[],"class_list":["post-4770","post","type-post","status-publish","format-standard","has-post-thumbnail","hentry","category-ciudad","category-comunas"],"_links":{"self":[{"href":"https:\/\/vocesdebaires.com.ar\/index.php\/wp-json\/wp\/v2\/posts\/4770"}],"collection":[{"href":"https:\/\/vocesdebaires.com.ar\/index.php\/wp-json\/wp\/v2\/posts"}],"about":[{"href":"https:\/\/vocesdebaires.com.ar\/index.php\/wp-json\/wp\/v2\/types\/post"}],"author":[{"embeddable":true,"href":"https:\/\/vocesdebaires.com.ar\/index.php\/wp-json\/wp\/v2\/users\/1"}],"replies":[{"embeddable":true,"href":"https:\/\/vocesdebaires.com.ar\/index.php\/wp-json\/wp\/v2\/comments?post=4770"}],"version-history":[{"count":0,"href":"https:\/\/vocesdebaires.com.ar\/index.php\/wp-json\/wp\/v2\/posts\/4770\/revisions"}],"wp:featuredmedia":[{"embeddable":true,"href":"https:\/\/vocesdebaires.com.ar\/index.php\/wp-json\/wp\/v2\/media\/4771"}],"wp:attachment":[{"href":"https:\/\/vocesdebaires.com.ar\/index.php\/wp-json\/wp\/v2\/media?parent=4770"}],"wp:term":[{"taxonomy":"category","embeddable":true,"href":"https:\/\/vocesdebaires.com.ar\/index.php\/wp-json\/wp\/v2\/categories?post=4770"},{"taxonomy":"post_tag","embeddable":true,"href":"https:\/\/vocesdebaires.com.ar\/index.php\/wp-json\/wp\/v2\/tags?post=4770"}],"curies":[{"name":"wp","href":"https:\/\/api.w.org\/{rel}","templated":true}]}}