{"id":4772,"date":"2019-08-06T03:00:00","date_gmt":"2019-08-06T06:00:00","guid":{"rendered":"http:\/\/vocesdebaires.com.ar\/wordpress\/index.php\/2019\/08\/06\/refugios-portenos-estan-disponibles-linea-108\/"},"modified":"2019-08-06T03:00:00","modified_gmt":"2019-08-06T06:00:00","slug":"refugios-portenos-estan-disponibles-linea-108","status":"publish","type":"post","link":"https:\/\/vocesdebaires.com.ar\/index.php\/2019\/08\/06\/refugios-portenos-estan-disponibles-linea-108\/","title":{"rendered":"Refugios porte\u00f1os est\u00e1n disponibles: L\u00ednea 108"},"content":{"rendered":"<p>En estas noches de fr\u00edo, la mejor forma de ayudar es llamando a la L\u00ednea 108, que est\u00e1 disponible durante las 24 horas. El Gobierno de la Ciudad cuenta con 30 refugios que ofrecen una cama, un plato de comida caliente, duchas y toda la infraestructura necesaria para que las personas en situaci\u00f3n de calle puedan estar a resguardo de las bajas temperaturas. Los equipos especializados de la Ciudad tambi\u00e9n cuentan con trabajadores sociales que abordan a cada persona y a cada familia para acompa\u00f1arlas a salir de la situaci\u00f3n de calle. Ac\u00e1 pod\u00e9s conocer todos los refugios y hogares que hay en la Ciudad: <a href=&quot;https:\/\/www.bit.ly\/refugios-caba&quot;>https:\/\/www.bit.ly\/refugios-caba<\/a> . Si ves a una persona en situaci\u00f3n de calle, llama al 108.<\/p>\n","protected":false},"excerpt":{"rendered":"<p>En estas noches de fr\u00edo, la mejor forma de ayudar es llamando a la L\u00ednea 108, que est\u00e1 disponible durante las 24 horas. El Gobierno de la Ciudad cuenta con 30 refugios que ofrecen una cama, un plato de comida caliente, duchas y toda la infraestructura necesaria para que las personas en situaci\u00f3n de calle [&hellip;]<\/p>\n","protected":false},"author":1,"featured_media":4773,"comment_status":"open","ping_status":"open","sticky":false,"template":"","format":"standard","meta":{"_et_pb_use_builder":"","_et_pb_old_content":"","_et_gb_content_width":"","footnotes":""},"categories":[11,32],"tags":[],"class_list":["post-4772","post","type-post","status-publish","format-standard","has-post-thumbnail","hentry","category-ciudad","category-comunas"],"_links":{"self":[{"href":"https:\/\/vocesdebaires.com.ar\/index.php\/wp-json\/wp\/v2\/posts\/4772"}],"collection":[{"href":"https:\/\/vocesdebaires.com.ar\/index.php\/wp-json\/wp\/v2\/posts"}],"about":[{"href":"https:\/\/vocesdebaires.com.ar\/index.php\/wp-json\/wp\/v2\/types\/post"}],"author":[{"embeddable":true,"href":"https:\/\/vocesdebaires.com.ar\/index.php\/wp-json\/wp\/v2\/users\/1"}],"replies":[{"embeddable":true,"href":"https:\/\/vocesdebaires.com.ar\/index.php\/wp-json\/wp\/v2\/comments?post=4772"}],"version-history":[{"count":0,"href":"https:\/\/vocesdebaires.com.ar\/index.php\/wp-json\/wp\/v2\/posts\/4772\/revisions"}],"wp:featuredmedia":[{"embeddable":true,"href":"https:\/\/vocesdebaires.com.ar\/index.php\/wp-json\/wp\/v2\/media\/4773"}],"wp:attachment":[{"href":"https:\/\/vocesdebaires.com.ar\/index.php\/wp-json\/wp\/v2\/media?parent=4772"}],"wp:term":[{"taxonomy":"category","embeddable":true,"href":"https:\/\/vocesdebaires.com.ar\/index.php\/wp-json\/wp\/v2\/categories?post=4772"},{"taxonomy":"post_tag","embeddable":true,"href":"https:\/\/vocesdebaires.com.ar\/index.php\/wp-json\/wp\/v2\/tags?post=4772"}],"curies":[{"name":"wp","href":"https:\/\/api.w.org\/{rel}","templated":true}]}}