{"id":4784,"date":"2019-08-05T03:00:00","date_gmt":"2019-08-05T06:00:00","guid":{"rendered":"http:\/\/vocesdebaires.com.ar\/wordpress\/index.php\/2019\/08\/05\/el-palacio-legislativo-recibira-las-urnas\/"},"modified":"2019-08-05T03:00:00","modified_gmt":"2019-08-05T06:00:00","slug":"el-palacio-legislativo-recibira-las-urnas","status":"publish","type":"post","link":"https:\/\/vocesdebaires.com.ar\/index.php\/2019\/08\/05\/el-palacio-legislativo-recibira-las-urnas\/","title":{"rendered":"El Palacio Legislativo recibir\u00e1 las urnas"},"content":{"rendered":"<p>Durante la semana venidera las instalaciones ser\u00e1n acondicionadas para la recepci\u00f3n de m\u00e1s de 7.000 urnas que se utilizar\u00e1n en las Elecciones Primarias, Abiertas, Simult\u00e1neas y Obligatorias convocadas para el segundo domingo de agosto.A partir del acuerdo entre la Secretar\u00eda Electoral del Juzgado Nacional en lo Criminal y Correccional Federal N\u00b01 con competencia electoral en el Distrito Capital Federal, a cargo de la Jueza Mar\u00eda R. Servini, y el Vicepresidente Primero del Cuerpo Parlamentario, legislador Francisco Quintana, fundado en el exitoso trabajo conjunto realizado en comicios anteriores, la semana pr\u00f3xima los principales salones del Palacio Legislativo ser\u00e1n afectados a la guarda de las urnas y el escrutinio definitivo de las Elecciones Primarias, Abiertas, Simult\u00e1neas y Obligatorias -P.A.S.O.- convocadas para el domingo 11 de agosto.A causa de ello se interrumpir\u00e1 la habitual actividad parlamentaria que consiste en reuniones de comisiones -sea de asesores como de los legisladores, las audiencias p\u00fablicas, la sesi\u00f3n ordinaria de los jueves y los eventos en los salones.<\/p>\n","protected":false},"excerpt":{"rendered":"<p>Durante la semana venidera las instalaciones ser\u00e1n acondicionadas para la recepci\u00f3n de m\u00e1s de 7.000 urnas que se utilizar\u00e1n en las Elecciones Primarias, Abiertas, Simult\u00e1neas y Obligatorias convocadas para el segundo domingo de agosto.A partir del acuerdo entre la Secretar\u00eda Electoral del Juzgado Nacional en lo Criminal y Correccional Federal N\u00b01 con competencia electoral en [&hellip;]<\/p>\n","protected":false},"author":1,"featured_media":4785,"comment_status":"open","ping_status":"open","sticky":false,"template":"","format":"standard","meta":{"_et_pb_use_builder":"","_et_pb_old_content":"","_et_gb_content_width":"","footnotes":""},"categories":[11,33],"tags":[],"class_list":["post-4784","post","type-post","status-publish","format-standard","has-post-thumbnail","hentry","category-ciudad","category-sociedad-y-cultura-2"],"_links":{"self":[{"href":"https:\/\/vocesdebaires.com.ar\/index.php\/wp-json\/wp\/v2\/posts\/4784"}],"collection":[{"href":"https:\/\/vocesdebaires.com.ar\/index.php\/wp-json\/wp\/v2\/posts"}],"about":[{"href":"https:\/\/vocesdebaires.com.ar\/index.php\/wp-json\/wp\/v2\/types\/post"}],"author":[{"embeddable":true,"href":"https:\/\/vocesdebaires.com.ar\/index.php\/wp-json\/wp\/v2\/users\/1"}],"replies":[{"embeddable":true,"href":"https:\/\/vocesdebaires.com.ar\/index.php\/wp-json\/wp\/v2\/comments?post=4784"}],"version-history":[{"count":0,"href":"https:\/\/vocesdebaires.com.ar\/index.php\/wp-json\/wp\/v2\/posts\/4784\/revisions"}],"wp:featuredmedia":[{"embeddable":true,"href":"https:\/\/vocesdebaires.com.ar\/index.php\/wp-json\/wp\/v2\/media\/4785"}],"wp:attachment":[{"href":"https:\/\/vocesdebaires.com.ar\/index.php\/wp-json\/wp\/v2\/media?parent=4784"}],"wp:term":[{"taxonomy":"category","embeddable":true,"href":"https:\/\/vocesdebaires.com.ar\/index.php\/wp-json\/wp\/v2\/categories?post=4784"},{"taxonomy":"post_tag","embeddable":true,"href":"https:\/\/vocesdebaires.com.ar\/index.php\/wp-json\/wp\/v2\/tags?post=4784"}],"curies":[{"name":"wp","href":"https:\/\/api.w.org\/{rel}","templated":true}]}}