{"id":4803,"date":"2019-03-26T03:00:00","date_gmt":"2019-03-26T06:00:00","guid":{"rendered":"http:\/\/vocesdebaires.com.ar\/wordpress\/index.php\/2019\/03\/26\/ciudad-policia-detuvo-una-pareja-de-ladrones\/"},"modified":"2019-03-26T03:00:00","modified_gmt":"2019-03-26T06:00:00","slug":"ciudad-policia-detuvo-una-pareja-de-ladrones","status":"publish","type":"post","link":"https:\/\/vocesdebaires.com.ar\/index.php\/2019\/03\/26\/ciudad-policia-detuvo-una-pareja-de-ladrones\/","title":{"rendered":"Ciudad: Polic\u00eda detuvo una pareja de ladrones"},"content":{"rendered":"<p>Personal de la Comisar\u00eda Vecinal 5A de la Polic\u00eda de la Ciudad fue desplazado por un llamado al 911 sobre un robo en las calles Valent\u00edn G\u00f3mez y Sanchez de Bustamante. Al llegar al lugar, fueron informados de la direcci\u00f3n en la que escaparon los mal vivientes, un hombre y una mujer de 28 y 20 a\u00f1os respectivamente, que fueron atrapados en Gallo al 160.Ante la presencia de testigos, se los requis\u00f3 encontrando entre sus pertenencias una mochila y una billetera con documentaci\u00f3n pertenecientes al damnificado. Tras consultar con la fiscal\u00eda correspondiente se dispuso la detenci\u00f3n y el traslado de los delincuentes al Hospital Duran por una fuerte intoxicaci\u00f3n.<\/p>\n","protected":false},"excerpt":{"rendered":"<p>Personal de la Comisar\u00eda Vecinal 5A de la Polic\u00eda de la Ciudad fue desplazado por un llamado al 911 sobre un robo en las calles Valent\u00edn G\u00f3mez y Sanchez de Bustamante. Al llegar al lugar, fueron informados de la direcci\u00f3n en la que escaparon los mal vivientes, un hombre y una mujer de 28 y [&hellip;]<\/p>\n","protected":false},"author":1,"featured_media":4804,"comment_status":"open","ping_status":"open","sticky":false,"template":"","format":"standard","meta":{"_et_pb_use_builder":"","_et_pb_old_content":"","_et_gb_content_width":"","footnotes":""},"categories":[11,33],"tags":[],"class_list":["post-4803","post","type-post","status-publish","format-standard","has-post-thumbnail","hentry","category-ciudad","category-sociedad-y-cultura-2"],"_links":{"self":[{"href":"https:\/\/vocesdebaires.com.ar\/index.php\/wp-json\/wp\/v2\/posts\/4803"}],"collection":[{"href":"https:\/\/vocesdebaires.com.ar\/index.php\/wp-json\/wp\/v2\/posts"}],"about":[{"href":"https:\/\/vocesdebaires.com.ar\/index.php\/wp-json\/wp\/v2\/types\/post"}],"author":[{"embeddable":true,"href":"https:\/\/vocesdebaires.com.ar\/index.php\/wp-json\/wp\/v2\/users\/1"}],"replies":[{"embeddable":true,"href":"https:\/\/vocesdebaires.com.ar\/index.php\/wp-json\/wp\/v2\/comments?post=4803"}],"version-history":[{"count":0,"href":"https:\/\/vocesdebaires.com.ar\/index.php\/wp-json\/wp\/v2\/posts\/4803\/revisions"}],"wp:featuredmedia":[{"embeddable":true,"href":"https:\/\/vocesdebaires.com.ar\/index.php\/wp-json\/wp\/v2\/media\/4804"}],"wp:attachment":[{"href":"https:\/\/vocesdebaires.com.ar\/index.php\/wp-json\/wp\/v2\/media?parent=4803"}],"wp:term":[{"taxonomy":"category","embeddable":true,"href":"https:\/\/vocesdebaires.com.ar\/index.php\/wp-json\/wp\/v2\/categories?post=4803"},{"taxonomy":"post_tag","embeddable":true,"href":"https:\/\/vocesdebaires.com.ar\/index.php\/wp-json\/wp\/v2\/tags?post=4803"}],"curies":[{"name":"wp","href":"https:\/\/api.w.org\/{rel}","templated":true}]}}