{"id":483,"date":"2021-01-15T03:00:00","date_gmt":"2021-01-15T06:00:00","guid":{"rendered":"http:\/\/vocesdebaires.com.ar\/wordpress\/index.php\/2021\/01\/15\/ciudad-plan-detectar-para-combatir-la-pandemia\/"},"modified":"2021-01-15T03:00:00","modified_gmt":"2021-01-15T06:00:00","slug":"ciudad-plan-detectar-para-combatir-la-pandemia","status":"publish","type":"post","link":"https:\/\/vocesdebaires.com.ar\/index.php\/2021\/01\/15\/ciudad-plan-detectar-para-combatir-la-pandemia\/","title":{"rendered":"Ciudad: Plan Detectar, para combatir la pandemia"},"content":{"rendered":"<p>El Gobierno porte\u00f1o profundiza su estrategia para afrontar la suba de casos de coronavirus. En ese marco, uno de los pilares fundamentales es la investigaci\u00f3n, el rastreo y el testeo temprano de casos para evitar la propagaci\u00f3n de contagios. Dentro de ese eje, el Plan Detectar con su b\u00fasqueda &quot;puerta a puerta&quot; fue fundamental para frenar el ascenso de la ya conocida curva. El operativo, que se puso en marcha en conjunto con el Gobierno Nacional, logr\u00f3 testear hasta el momento a 241.406 personas, de las cuales 37.894 dieron resultado positivo. Hoy cuenta con 28 dispositivos distribuidos en los barrios porte\u00f1os y la unidad sanitaria m\u00f3vil que se instala en aquellas zonas donde se encuentra la mayor cantidad de casos. Actualmente est\u00e1 en Balvanera y Recoleta, con base en Callao al 600.<\/p>\n<p>La iniciativa, que hasta el momento dio muy buenos resultados, se profundiz\u00f3 hacia fines de julio del a\u00f1o pasado con la incorporaci\u00f3n del testeo a todos los convivientes de casos recientemente confirmados y, se extendi\u00f3 a\u00fan m\u00e1s, el 7 de septiembre pasado con la evaluaci\u00f3n de todos los \u2018contactos estrechos\u2019. Actualmente toda persona que considere que estuvo en contacto reciente con un caso positivo, presente o no s\u00edntomas, puede dirigirse al dispositivo m\u00e1s pr\u00f3ximo a su hogar para ser testeado preventivamente. Desde el martes 12 de enero, se reportaron 165.694 personas evaluadas en los barrios porte\u00f1os, de las cuales 17.531 resultaron casos positivos de Covid 19. En tanto, en los barrios populares se encontraron hasta el momento 17.933 contagiados, de los cuales 26 corresponden a la mencionada fecha.<\/p>\n","protected":false},"excerpt":{"rendered":"<p>El Gobierno porte\u00f1o profundiza su estrategia para afrontar la suba de casos de coronavirus. En ese marco, uno de los pilares fundamentales es la investigaci\u00f3n, el rastreo y el testeo temprano de casos para evitar la propagaci\u00f3n de contagios. Dentro de ese eje, el Plan Detectar con su b\u00fasqueda &quot;puerta a puerta&quot; fue fundamental para [&hellip;]<\/p>\n","protected":false},"author":1,"featured_media":484,"comment_status":"open","ping_status":"open","sticky":false,"template":"","format":"standard","meta":{"_et_pb_use_builder":"","_et_pb_old_content":"","_et_gb_content_width":"","footnotes":""},"categories":[11,32],"tags":[],"class_list":["post-483","post","type-post","status-publish","format-standard","has-post-thumbnail","hentry","category-ciudad","category-comunas"],"_links":{"self":[{"href":"https:\/\/vocesdebaires.com.ar\/index.php\/wp-json\/wp\/v2\/posts\/483"}],"collection":[{"href":"https:\/\/vocesdebaires.com.ar\/index.php\/wp-json\/wp\/v2\/posts"}],"about":[{"href":"https:\/\/vocesdebaires.com.ar\/index.php\/wp-json\/wp\/v2\/types\/post"}],"author":[{"embeddable":true,"href":"https:\/\/vocesdebaires.com.ar\/index.php\/wp-json\/wp\/v2\/users\/1"}],"replies":[{"embeddable":true,"href":"https:\/\/vocesdebaires.com.ar\/index.php\/wp-json\/wp\/v2\/comments?post=483"}],"version-history":[{"count":0,"href":"https:\/\/vocesdebaires.com.ar\/index.php\/wp-json\/wp\/v2\/posts\/483\/revisions"}],"wp:featuredmedia":[{"embeddable":true,"href":"https:\/\/vocesdebaires.com.ar\/index.php\/wp-json\/wp\/v2\/media\/484"}],"wp:attachment":[{"href":"https:\/\/vocesdebaires.com.ar\/index.php\/wp-json\/wp\/v2\/media?parent=483"}],"wp:term":[{"taxonomy":"category","embeddable":true,"href":"https:\/\/vocesdebaires.com.ar\/index.php\/wp-json\/wp\/v2\/categories?post=483"},{"taxonomy":"post_tag","embeddable":true,"href":"https:\/\/vocesdebaires.com.ar\/index.php\/wp-json\/wp\/v2\/tags?post=483"}],"curies":[{"name":"wp","href":"https:\/\/api.w.org\/{rel}","templated":true}]}}