{"id":4836,"date":"2019-03-22T03:00:00","date_gmt":"2019-03-22T06:00:00","guid":{"rendered":"http:\/\/vocesdebaires.com.ar\/wordpress\/index.php\/2019\/03\/22\/otorgan-la-distincion-huespedes-de-honor\/"},"modified":"2019-03-22T03:00:00","modified_gmt":"2019-03-22T06:00:00","slug":"otorgan-la-distincion-huespedes-de-honor","status":"publish","type":"post","link":"https:\/\/vocesdebaires.com.ar\/index.php\/2019\/03\/22\/otorgan-la-distincion-huespedes-de-honor\/","title":{"rendered":"Otorgan la distinci\u00f3n Hu\u00e9spedes de Honor"},"content":{"rendered":"<p>El mundialmente reconocido compositor e int\u00e9rprete brit\u00e1nico James Paul McCartney fue declarado Hu\u00e9sped de Honor de la Ciudad Aut\u00f3noma de Buenos Aires. Estar\u00e1 de visita en el pa\u00eds durante el mes de marzo del corriente a\u00f1o. Form\u00f3 el grupo \u201cThe Beatles\u201d junto a John Lennon, George Harrison y Ringo Star, con quienes en la d\u00e9cada de los 60 llegaron a desarrollar una fama sin precedentes, Pero luego de varias diferencias entre sus integrantes, el grupo se disolvi\u00f3 en mayo de los a\u00f1os 70 y en ese mismo mes Paul lanz\u00f3 su primer \u00e1lbum titulado McCartney. Luego grab\u00f3 nueve \u00e1lbumes y en 1981 el cantante inici\u00f3 su carrera como solista.<\/p>\n<p>Adem\u00e1s, no solo se destac\u00f3 en el mundo de la m\u00fasica, sino que fue portavoz de causas sociales, pol\u00edticas, humanitarias y ecol\u00f3gicas. Los legisladores Roy Cortina (PS), Eduardo Petrini y Mercedes de las Casas (VJ) impulsaron la iniciativa. Adem\u00e1s, el Cuerpo Parlamentario aprob\u00f3 sobre tablas la declaraci\u00f3n de Hu\u00e9sped de Honor al reconocido actor y activista social por los derechos afro-descendientes Danny Glover. Estar\u00e1 de visita en el marco del D\u00eda Internacional de la Eliminaci\u00f3n de la Discriminaci\u00f3n Racial que se conmemora este 21 de marzo. Glover ha colaborado con Naciones Unidas en campa\u00f1as enfocadas en la erradicaci\u00f3n de la pobreza, enfermedades y desarrollo econ\u00f3mico en \u00c1frica, Latinoam\u00e9rica y el Caribe.<\/p>\n<p>Desde 2004 es embajador de buena voluntad en UNICEF y tiene diversos cargos relacionados con el mismo tema. Los legisladores Santiago Roberto, Claudio Heredia y Mar\u00eda Rosa Mui\u00f1os (BP) presentaron el proyecto de declaraci\u00f3n. En el mismo sentido fue reconocido el cantante y compositor brit\u00e1nico Sam Smith, quien visitar\u00e1 la ciudad entre el 29 y 31 de marzo del corriente a\u00f1o para presentarse en el concierto &quot;Lollapalooza&quot;. Inici\u00f3 su carrera musical en 2012, y en poco tiempo se convirti\u00f3 en uno de los artistas m\u00e1s destacados y escuchados de los \u00faltimos a\u00f1os. Obtuvo varios premios de la industria y favorables cr\u00edticas que r\u00e1pidamente lo posicionaron entre los favoritos mundiales.<\/p>\n<p>Los diputados Mercedes de las Casas y Daniel del Sol (VJ) fueron autores de la propuesta. La distinci\u00f3n le fue otorgada tambi\u00e9n por iniciativa de la legisladora De las Casas y Del Sol, al destacado artista estadounidense Lenny Kravitz. El cantante, que dar\u00e1 un show en el Lollapalooza, es reconocido mundialmente por poseer una de las voces m\u00e1s distintivas de la industria musical. Su estilo incorpora elementos del blues, rock, soul, funk, reggae, folk y balada.<\/p>\n<p>Los integrantes de la banda musical OLODUM tambi\u00e9n fueron reconocidos por su visita del 29, 30 y 31 de marzo. Promueven actividades culturales de car\u00e1cter socio-comunitario cuya finalidad es formar grupos de percusi\u00f3n, teatro y danza integrados por ni\u00f1os y j\u00f3venes de las comunidades m\u00e1s pobres y vulnerables de la ciudad de Salvador de Bah\u00eda y del Estado de Brasil en su conjunto. Poseen 25 CDs y LPs grabados, siendo 11 nacionales y 14 internacionales con m\u00e1s de cinco millones de copias vendidas. Los diputados Claudio Romero, Omar Abboud, Jorge Apreda, Mercedes de las Casas y Maximiliano Sahonero (VJ) impulsaron la iniciativa.<\/p>\n<p>Designaciones para Consejo Urbano Ambiental<\/p>\n<p>La Legislatura design\u00f3 en la sesi\u00f3n del jueves a Augusto Bormioli y a Ignacio Rosalin como dos de sus representantes\u00a0 en el Consejo del Plan Urbano Ambiental (COPUA), para cubrir dos lugares que quedaron vacantes por renuncias. Sus mandatos finalizar\u00e1n al concluir el mandato del resto de los consejeros designados en 2017.La Ley N\u00ba 71 de la CABA establece que el organismo encargado de la formulaci\u00f3n y actualizaci\u00f3n del Plan Urbano Ambiental ser\u00e1 el COPUA, con competencia en ordenamiento territorial y ambiental. Ese ente que preside el Jefe de Gobierno, tiene representantes de secretar\u00edas y ministerios, t\u00e9cnicos especialistas nombrados por el Ejecutivo y otros profesionales expertos designados por el parlamento local.<\/p>\n","protected":false},"excerpt":{"rendered":"<p>El mundialmente reconocido compositor e int\u00e9rprete brit\u00e1nico James Paul McCartney fue declarado Hu\u00e9sped de Honor de la Ciudad Aut\u00f3noma de Buenos Aires. Estar\u00e1 de visita en el pa\u00eds durante el mes de marzo del corriente a\u00f1o. Form\u00f3 el grupo \u201cThe Beatles\u201d junto a John Lennon, George Harrison y Ringo Star, con quienes en la d\u00e9cada [&hellip;]<\/p>\n","protected":false},"author":1,"featured_media":4837,"comment_status":"open","ping_status":"open","sticky":false,"template":"","format":"standard","meta":{"_et_pb_use_builder":"","_et_pb_old_content":"","_et_gb_content_width":"","footnotes":""},"categories":[11,33],"tags":[],"class_list":["post-4836","post","type-post","status-publish","format-standard","has-post-thumbnail","hentry","category-ciudad","category-sociedad-y-cultura-2"],"_links":{"self":[{"href":"https:\/\/vocesdebaires.com.ar\/index.php\/wp-json\/wp\/v2\/posts\/4836"}],"collection":[{"href":"https:\/\/vocesdebaires.com.ar\/index.php\/wp-json\/wp\/v2\/posts"}],"about":[{"href":"https:\/\/vocesdebaires.com.ar\/index.php\/wp-json\/wp\/v2\/types\/post"}],"author":[{"embeddable":true,"href":"https:\/\/vocesdebaires.com.ar\/index.php\/wp-json\/wp\/v2\/users\/1"}],"replies":[{"embeddable":true,"href":"https:\/\/vocesdebaires.com.ar\/index.php\/wp-json\/wp\/v2\/comments?post=4836"}],"version-history":[{"count":0,"href":"https:\/\/vocesdebaires.com.ar\/index.php\/wp-json\/wp\/v2\/posts\/4836\/revisions"}],"wp:featuredmedia":[{"embeddable":true,"href":"https:\/\/vocesdebaires.com.ar\/index.php\/wp-json\/wp\/v2\/media\/4837"}],"wp:attachment":[{"href":"https:\/\/vocesdebaires.com.ar\/index.php\/wp-json\/wp\/v2\/media?parent=4836"}],"wp:term":[{"taxonomy":"category","embeddable":true,"href":"https:\/\/vocesdebaires.com.ar\/index.php\/wp-json\/wp\/v2\/categories?post=4836"},{"taxonomy":"post_tag","embeddable":true,"href":"https:\/\/vocesdebaires.com.ar\/index.php\/wp-json\/wp\/v2\/tags?post=4836"}],"curies":[{"name":"wp","href":"https:\/\/api.w.org\/{rel}","templated":true}]}}