{"id":4864,"date":"2019-03-20T03:00:00","date_gmt":"2019-03-20T06:00:00","guid":{"rendered":"http:\/\/vocesdebaires.com.ar\/wordpress\/index.php\/2019\/03\/20\/ordenan-que-conceda-licencia-por-maternidad\/"},"modified":"2019-03-20T03:00:00","modified_gmt":"2019-03-20T06:00:00","slug":"ordenan-que-conceda-licencia-por-maternidad","status":"publish","type":"post","link":"https:\/\/vocesdebaires.com.ar\/index.php\/2019\/03\/20\/ordenan-que-conceda-licencia-por-maternidad\/","title":{"rendered":"Ordenan  que conceda licencia por maternidad"},"content":{"rendered":"<p>La titular del juzgado N\u00b0 1 en lo Contencioso Administrativo y Tributario, Romina Tesone, hizo lugar a la medida cautelar peticionada por B.A.E. y V.N.C. contra el GCBA, con el objeto de que se declare la inconstitucionalidad de la medida adoptada por el Ministerio de Justicia y Seguridad porte\u00f1o, que le deneg\u00f3 a la primera de las mencionadas, la licencia por maternidad de 135 d\u00edas solicitada en los t\u00e9rminos del art\u00edculo 23 de la Ley 6025\/18. Todo ello en el marco de la causa \u201cE.B.A. y otros contra GCBA sobre Amparo \u2013 Impugnaci\u00f3n \u2013 Inconstitucionalidad\u201d, Exp. 481\/2019-0.<\/p>\n<p>La petici\u00f3n surgi\u00f3 luego que el 9 de noviembre de 2018, B.A.E. solicit\u00f3 al Jefe de la Comisar\u00eda Vecinal 13 A, se le conceda una licencia acorde a su car\u00e1cter de \u201cmadre lactante\u201d o \u201cadoptante\u201d, dado que en el sistema de empleo que rige a la fuerza policial existe un vac\u00edo legal con respecto a la figura que contemple una licencia a la \u201cmadre no gestante\u201d. Dicho pedido fue rechazado el 7 de diciembre de 2018.<\/p>\n<p>La magistrada se\u00f1al\u00f3 que \u201ctal exclusi\u00f3n acredita un supuesto trato discriminatorio\u201d, y advirti\u00f3 que \u201cla modificaci\u00f3n normativa impactar\u00eda de modo esencial y mayoritariamente sobre aquellas parejas de mujeres lesbianas o en las que alguno de sus miembros es una persona trans y, por ende, cuenta con una madre no gestante\u201d; adem\u00e1s relat\u00f3 que \u201ctambi\u00e9n afectar\u00eda a parejas heterosexuales que recurran a la denominada \u2018maternidad subrogada\u2019\u201d.<\/p>\n<p>La jueza consider\u00f3 tambi\u00e9n que \u201cdada la clara clasificaci\u00f3n de categor\u00eda sospechosa que contienen las diferenciaciones basadas (o que de hecho impactan) en funci\u00f3n de la orientaci\u00f3n sexual o cuesti\u00f3n de g\u00e9nero de las personas, cabe considerar presuntamente discriminatoria y, por ende, inconstitucional la limitaci\u00f3n o restricci\u00f3n de derechos que de tal distinci\u00f3n se deriva\u201d. Agreg\u00f3 que \u201cde acuerdo con las directivas del art\u00edculo 10 de la CCABA la omisi\u00f3n o insuficiencia de regulaci\u00f3n no puede conducir a negar o limitar derechos\u201d.<\/p>\n<p>Tesone indic\u00f3 que corresponde efectuar \u201cuna consideraci\u00f3n especial del inter\u00e9s superior del ni\u00f1o, en tanto es claro que el goce de la licencia por maternidad se encuentra regulada tambi\u00e9n en beneficio de los ni\u00f1os y ni\u00f1as (m\u00e1s all\u00e1 de que constituya un derecho laboral)\u201d. Y concluy\u00f3 que su resoluci\u00f3n \u201cpropende a efectivizar la igualdad de los miembros de la familia (con independencia de su g\u00e9nero) en el cuidado y asistencia de los hijos e hijas y su equidad en las funciones, coadyuvando a desarmar estereotipos sociales en cuanto a la preeminencia de cualquier progenitor\/a frente a otro\/a\u201d.<\/p>\n","protected":false},"excerpt":{"rendered":"<p>La titular del juzgado N\u00b0 1 en lo Contencioso Administrativo y Tributario, Romina Tesone, hizo lugar a la medida cautelar peticionada por B.A.E. y V.N.C. contra el GCBA, con el objeto de que se declare la inconstitucionalidad de la medida adoptada por el Ministerio de Justicia y Seguridad porte\u00f1o, que le deneg\u00f3 a la primera [&hellip;]<\/p>\n","protected":false},"author":1,"featured_media":4865,"comment_status":"open","ping_status":"open","sticky":false,"template":"","format":"standard","meta":{"_et_pb_use_builder":"","_et_pb_old_content":"","_et_gb_content_width":"","footnotes":""},"categories":[11,33],"tags":[],"class_list":["post-4864","post","type-post","status-publish","format-standard","has-post-thumbnail","hentry","category-ciudad","category-sociedad-y-cultura-2"],"_links":{"self":[{"href":"https:\/\/vocesdebaires.com.ar\/index.php\/wp-json\/wp\/v2\/posts\/4864"}],"collection":[{"href":"https:\/\/vocesdebaires.com.ar\/index.php\/wp-json\/wp\/v2\/posts"}],"about":[{"href":"https:\/\/vocesdebaires.com.ar\/index.php\/wp-json\/wp\/v2\/types\/post"}],"author":[{"embeddable":true,"href":"https:\/\/vocesdebaires.com.ar\/index.php\/wp-json\/wp\/v2\/users\/1"}],"replies":[{"embeddable":true,"href":"https:\/\/vocesdebaires.com.ar\/index.php\/wp-json\/wp\/v2\/comments?post=4864"}],"version-history":[{"count":0,"href":"https:\/\/vocesdebaires.com.ar\/index.php\/wp-json\/wp\/v2\/posts\/4864\/revisions"}],"wp:featuredmedia":[{"embeddable":true,"href":"https:\/\/vocesdebaires.com.ar\/index.php\/wp-json\/wp\/v2\/media\/4865"}],"wp:attachment":[{"href":"https:\/\/vocesdebaires.com.ar\/index.php\/wp-json\/wp\/v2\/media?parent=4864"}],"wp:term":[{"taxonomy":"category","embeddable":true,"href":"https:\/\/vocesdebaires.com.ar\/index.php\/wp-json\/wp\/v2\/categories?post=4864"},{"taxonomy":"post_tag","embeddable":true,"href":"https:\/\/vocesdebaires.com.ar\/index.php\/wp-json\/wp\/v2\/tags?post=4864"}],"curies":[{"name":"wp","href":"https:\/\/api.w.org\/{rel}","templated":true}]}}