{"id":487,"date":"2021-01-15T03:00:00","date_gmt":"2021-01-15T06:00:00","guid":{"rendered":"http:\/\/vocesdebaires.com.ar\/wordpress\/index.php\/2021\/01\/15\/monitoreo-barrio-31-tres-integrantes-detenidos\/"},"modified":"2021-01-15T03:00:00","modified_gmt":"2021-01-15T06:00:00","slug":"monitoreo-barrio-31-tres-integrantes-detenidos","status":"publish","type":"post","link":"https:\/\/vocesdebaires.com.ar\/index.php\/2021\/01\/15\/monitoreo-barrio-31-tres-integrantes-detenidos\/","title":{"rendered":"Monitoreo Barrio 31 Tres  integrantes detenidos"},"content":{"rendered":"<p>Personal del Departamento de Protecci\u00f3n Barrial Divisi\u00f3n 31-31 Bis de la Polic\u00eda de la Ciudad visualiz\u00f3 a trav\u00e9s de las c\u00e1maras del Centro de Monitoreo a tres masculinos mientras comercializaban droga. Inmediatamente los oficiales fueron hasta el lugar y lograron dar con los tres j\u00f3venes, todos de nacionalidad paraguaya, de 29, 24 y 21 a\u00f1os, a quienes se les secuestr\u00f3 100 cubos compactos de picadura de marihuana, otros 100 cubos de pasta base, y 1.100 pesos en efectivo.<\/p>\n<p>Los tres ser\u00edan integrantes de la banda narco de Los Sampedranos. Ante la consulta de los polic\u00edas, la Fiscal\u00eda Penal Contravencional y de Faltas 12, a cargo del Dr. Hern\u00e1n Biglino, secretar\u00eda de la Dra. Paula Cevasco, dispuso labrar actuaciones por infracci\u00f3n a la Ley de Drogas 23.737, la detenci\u00f3n de los tres imputados y el secuestro de los estupefacientes.<\/p>\n","protected":false},"excerpt":{"rendered":"<p>Personal del Departamento de Protecci\u00f3n Barrial Divisi\u00f3n 31-31 Bis de la Polic\u00eda de la Ciudad visualiz\u00f3 a trav\u00e9s de las c\u00e1maras del Centro de Monitoreo a tres masculinos mientras comercializaban droga. Inmediatamente los oficiales fueron hasta el lugar y lograron dar con los tres j\u00f3venes, todos de nacionalidad paraguaya, de 29, 24 y 21 a\u00f1os, [&hellip;]<\/p>\n","protected":false},"author":1,"featured_media":488,"comment_status":"open","ping_status":"open","sticky":false,"template":"","format":"standard","meta":{"_et_pb_use_builder":"","_et_pb_old_content":"","_et_gb_content_width":"","footnotes":""},"categories":[11,32],"tags":[],"class_list":["post-487","post","type-post","status-publish","format-standard","has-post-thumbnail","hentry","category-ciudad","category-comunas"],"_links":{"self":[{"href":"https:\/\/vocesdebaires.com.ar\/index.php\/wp-json\/wp\/v2\/posts\/487"}],"collection":[{"href":"https:\/\/vocesdebaires.com.ar\/index.php\/wp-json\/wp\/v2\/posts"}],"about":[{"href":"https:\/\/vocesdebaires.com.ar\/index.php\/wp-json\/wp\/v2\/types\/post"}],"author":[{"embeddable":true,"href":"https:\/\/vocesdebaires.com.ar\/index.php\/wp-json\/wp\/v2\/users\/1"}],"replies":[{"embeddable":true,"href":"https:\/\/vocesdebaires.com.ar\/index.php\/wp-json\/wp\/v2\/comments?post=487"}],"version-history":[{"count":0,"href":"https:\/\/vocesdebaires.com.ar\/index.php\/wp-json\/wp\/v2\/posts\/487\/revisions"}],"wp:featuredmedia":[{"embeddable":true,"href":"https:\/\/vocesdebaires.com.ar\/index.php\/wp-json\/wp\/v2\/media\/488"}],"wp:attachment":[{"href":"https:\/\/vocesdebaires.com.ar\/index.php\/wp-json\/wp\/v2\/media?parent=487"}],"wp:term":[{"taxonomy":"category","embeddable":true,"href":"https:\/\/vocesdebaires.com.ar\/index.php\/wp-json\/wp\/v2\/categories?post=487"},{"taxonomy":"post_tag","embeddable":true,"href":"https:\/\/vocesdebaires.com.ar\/index.php\/wp-json\/wp\/v2\/tags?post=487"}],"curies":[{"name":"wp","href":"https:\/\/api.w.org\/{rel}","templated":true}]}}