{"id":4886,"date":"2019-03-18T03:00:00","date_gmt":"2019-03-18T06:00:00","guid":{"rendered":"http:\/\/vocesdebaires.com.ar\/wordpress\/index.php\/2019\/03\/18\/aniversario-atentado-embajada-de-israel\/"},"modified":"2019-03-18T03:00:00","modified_gmt":"2019-03-18T06:00:00","slug":"aniversario-atentado-embajada-de-israel","status":"publish","type":"post","link":"https:\/\/vocesdebaires.com.ar\/index.php\/2019\/03\/18\/aniversario-atentado-embajada-de-israel\/","title":{"rendered":"Aniversario Atentado Embajada de Israel"},"content":{"rendered":"<p>La Embajada de Israel lanz\u00f3 una fuerte campa\u00f1a de comunicaci\u00f3n en medios de transporte y la v\u00eda publica con motivo de la conmemoraci\u00f3n del atentado que destruyera la sede diplom\u00e1tica, dejara m\u00e1s de doscientos heridos y terminara con la vida de 29 personas. En esta ocasi\u00f3n, rescatando la frase de matriz b\u00edblica \u201cY le contar\u00e1s a tu hijo\u201d, sobrevivientes del atentado se ir\u00e1n reuniendo a lo largo del mes de marzo en casas y lugares de trabajo de referentes de la agenda nacional argentina. La meta es perpetuar el legado hist\u00f3rico de lo acontecido, compartiendo con generaciones j\u00f3venes las experiencias personales y aut\u00e9nticas de los que vivieron en carne propia el fen\u00f3meno del terrorismo.<\/p>\n<p>En ese marco, el Presidente Provisional del Senado, Federico Pinedo, realizar\u00e1 un encuentro con familiares\u00a0 de v\u00edctimas y sobrevivientes con el objetivo de compartir vivencias y experiencias personales junto a un grupo de j\u00f3venes nacidos luego de la fecha en la que ocurri\u00f3 el atentado. Por su parte, Sergio Massa recibi\u00f3 junto a su mujer Malena Galmarini, Diego Bossio y j\u00f3venes de su espacio pol\u00edtico al Embajador Sztulman y los sobrevivientes Jorge Cohen y Alberto Kupersmid, quienes prestaron su testimonio sobre lo acontecido en la fat\u00eddica tarde del 17 de marzo donde sus vidas quedaron marcadas por siempre.<\/p>\n<p>Otro de los encuentros se llev\u00f3 adelante en la sede de la CGT donde j\u00f3venes sindicalistas recibieron junto a H\u00e9ctor Daer a un grupo de sobrevivientes encabezados por Lea Kovensky con quienes conversaron sobre la importancia de mantener viva la memoria y sostener el reclamo de justicia a trav\u00e9s del tiempo. En la calle, en el subte y en el Monumental tambi\u00e9n En diferentes lugares de la Ciudad de Buenos Aires se colocaron carteles con la leyenda \u201cY le contar\u00e1s a tu hijo que al terrorismo lo vimos as\u00ed de cerca\u201d. En cada cartel se puede observar una imagen en la que se percibe estar presente en una escena que muestra al edificio de la embajada destruido instantes despu\u00e9s del estallido. En la foto se ve el humo saliente y se percibe \u00f3pticamente que el observador es parte de la escena.<\/p>\n<p>En sinton\u00eda con el lema de campa\u00f1a, en el Congreso de la Naci\u00f3n y en la estaci\u00f3n 9 de julio de la l\u00ednea D de subterr\u00e1neos se instalaron piezas en acr\u00edlico dise\u00f1adas por FWK Argentina. Cada una de ellas contiene escombros, una menor\u00e1, una cruz, una mochila y un osito de peluche, entre otros objetos de la vida cotidiana de los lugares donde el atentado dej\u00f3 su huella, aludiendo, todos ellos, a la sede diplom\u00e1tica israel\u00ed, a la iglesia, al colegio, y a los peatones que fueron alcanzados por la onda expansiva al momento del estallido. Nuevamente bajo la consigna \u201cY le contar\u00e1s a tu hijo que el atentado lo vimos as\u00ed de cerca\u201d, aquellos que se acerquen a la instalaci\u00f3n podr\u00e1n tener una experiencia sensorial impactante que da cuenta de la destrucci\u00f3n tangible que dej\u00f3 el atentado.<\/p>\n<p>La campa\u00f1a tambi\u00e9n cuenta con un comercial audiovisual que se proyecta en las pantallas de SUBTV, realizado con el apoyo del Grupo V\u00eda. En la inauguraci\u00f3n de la obra alusiva instalada en el Congreso de la Naci\u00f3n, los diputados Julio Sahad, Daniel Lipovetzky, Luis Petri, Marcelo Wechsler, Marco Lavagna, Pablo Kosiner y Paula Urroz le hicieron llegar a las autoridades de la Embajada una declaraci\u00f3n realizada por iniciativa de la diputada Natalia Villa en la que ambas C\u00e1maras expresan su renovado reclamo de esclarecimiento de los hechos y condena para los culpables. Asimismo, la diputada Cornelia Schmidt-Liermann hizo llegar a los diplom\u00e1ticos israel\u00edes un texto emotivo en el que narr\u00f3 su vivencia personal el d\u00eda del atentado, el 17 de marzo de 1992.<\/p>\n<p>Adem\u00e1s, y como parte del lema de campa\u00f1a, ayer domingo antes del partido entre River Plate e Independiente en el Estadio Monumental, sobrevivientes del atentado dar\u00e1n la vuelta ol\u00edmpica junto a sus hijos y nietos, sosteniendo una bandera que recuerda la conmemoraci\u00f3n de los 27 a\u00f1os del atentado. Se realizar\u00e1, asimismo, un minuto de silencio en homenaje a las v\u00edctimas y se proyectar\u00e1 un corto preparado especialmente para la ocasi\u00f3n. Una cuesti\u00f3n de principios y tambi\u00e9n de fe<\/p>\n<p>Como parte de las m\u00faltiples acciones planificadas para la conmemoraci\u00f3n del 27\u00ba aniversario, se realizar\u00e1 un rezo en la Catedral Metropolitana y se proceder\u00e1 a un encendido de velas en memoria de los fallecidos. El acto estar\u00e1 a cargo del Arzobispo de Buenos Aires, Cardenal Mario Poli, junto a l\u00edderes religiosos que integran la comisi\u00f3n para el ecumenismo y el di\u00e1logo interreligioso del Arzobispado. La ceremonia se realizar\u00e1 en el recinto en el que se ubica una instalaci\u00f3n que data de 1997 realizada en memoria de las v\u00edctimas del atentado a la Embajada de Israel, la AMIA y el Holocausto.<\/p>\n<p>hoy\u00a0 lunes 18 de marzo en el acto central en la Plaza Seca de Arroyo y Suipacha la Rabina Sarina Vitas recitar\u00e1 una plegaria de acuerdo al rito jud\u00edo. En esta ocasi\u00f3n, la Embajada convoc\u00f3 tambi\u00e9n al Im\u00e1n Marwan Gill, referente de la Comunidad Musulmana Ahmad\u00eda, qui\u00e9n pronunciar\u00e1 un rezo en memoria de los fallecidos en idioma \u00e1rabe y el Padre Carlos White, encargado de la comisi\u00f3n por el ecumenismo y el di\u00e1logo interreligioso del Arzobispado de Buenos Aires. &quot;Y le contar\u00e1s a tu hijo\u2026 que al terrorismo lo vimos as\u00ed de cerca\u201d.<\/p>\n","protected":false},"excerpt":{"rendered":"<p>La Embajada de Israel lanz\u00f3 una fuerte campa\u00f1a de comunicaci\u00f3n en medios de transporte y la v\u00eda publica con motivo de la conmemoraci\u00f3n del atentado que destruyera la sede diplom\u00e1tica, dejara m\u00e1s de doscientos heridos y terminara con la vida de 29 personas. En esta ocasi\u00f3n, rescatando la frase de matriz b\u00edblica \u201cY le contar\u00e1s [&hellip;]<\/p>\n","protected":false},"author":1,"featured_media":4887,"comment_status":"open","ping_status":"open","sticky":false,"template":"","format":"standard","meta":{"_et_pb_use_builder":"","_et_pb_old_content":"","_et_gb_content_width":"","footnotes":""},"categories":[11,33],"tags":[],"class_list":["post-4886","post","type-post","status-publish","format-standard","has-post-thumbnail","hentry","category-ciudad","category-sociedad-y-cultura-2"],"_links":{"self":[{"href":"https:\/\/vocesdebaires.com.ar\/index.php\/wp-json\/wp\/v2\/posts\/4886"}],"collection":[{"href":"https:\/\/vocesdebaires.com.ar\/index.php\/wp-json\/wp\/v2\/posts"}],"about":[{"href":"https:\/\/vocesdebaires.com.ar\/index.php\/wp-json\/wp\/v2\/types\/post"}],"author":[{"embeddable":true,"href":"https:\/\/vocesdebaires.com.ar\/index.php\/wp-json\/wp\/v2\/users\/1"}],"replies":[{"embeddable":true,"href":"https:\/\/vocesdebaires.com.ar\/index.php\/wp-json\/wp\/v2\/comments?post=4886"}],"version-history":[{"count":0,"href":"https:\/\/vocesdebaires.com.ar\/index.php\/wp-json\/wp\/v2\/posts\/4886\/revisions"}],"wp:featuredmedia":[{"embeddable":true,"href":"https:\/\/vocesdebaires.com.ar\/index.php\/wp-json\/wp\/v2\/media\/4887"}],"wp:attachment":[{"href":"https:\/\/vocesdebaires.com.ar\/index.php\/wp-json\/wp\/v2\/media?parent=4886"}],"wp:term":[{"taxonomy":"category","embeddable":true,"href":"https:\/\/vocesdebaires.com.ar\/index.php\/wp-json\/wp\/v2\/categories?post=4886"},{"taxonomy":"post_tag","embeddable":true,"href":"https:\/\/vocesdebaires.com.ar\/index.php\/wp-json\/wp\/v2\/tags?post=4886"}],"curies":[{"name":"wp","href":"https:\/\/api.w.org\/{rel}","templated":true}]}}