{"id":4903,"date":"2019-03-15T03:38:12","date_gmt":"2019-03-15T06:38:12","guid":{"rendered":"http:\/\/vocesdebaires.com.ar\/wordpress\/index.php\/2019\/03\/15\/viaducto-mitre-larreta-estuvo-en-reapertura\/"},"modified":"2019-03-15T03:38:12","modified_gmt":"2019-03-15T06:38:12","slug":"viaducto-mitre-larreta-estuvo-en-reapertura","status":"publish","type":"post","link":"https:\/\/vocesdebaires.com.ar\/index.php\/2019\/03\/15\/viaducto-mitre-larreta-estuvo-en-reapertura\/","title":{"rendered":"Viaducto Mitre: Larreta estuvo en reapertura"},"content":{"rendered":"<p>El jefe de Gobierno porte\u00f1o, Horacio Rodr\u00edguez Larreta, particip\u00f3 ayer de la reapertura sin barreras de la calle Blanco Encalada en el barrio de Belgrano, que hab\u00eda sido cerrada por las obras del Viaducto Mitre. &quot;Esta obra les va a hacer ganar much\u00edsimo tiempo a los vecinos, que ya no van a estar m\u00e1s parados esperando que levante la barrera del tren&quot;, expres\u00f3 Rodr\u00edguez Larreta.\u00a0 Los trabajos del Viaducto Mitre, que se extender\u00e1 a lo largo de 3,9 kil\u00f3metros, permitir\u00e1n que se eliminen ocho barreras (Olleros, La Pampa, Sucre, Juramento, Mendoza, Olaz\u00e1bal, Blanco Encalada y Monroe) y se abran cuatro calles (Echeverr\u00eda, Roosevelt, Virrey del Pino y Jos\u00e9 Hern\u00e1ndez), ahorr\u00e1ndoles unos 20 minutos de viaje a los automovilistas que se muevan por la zona.<\/p>\n<p>&quot;Hace 100 a\u00f1os que en Buenos Aires no se construye un viaducto, y hoy estamos haciendo tres&quot;, sostuvo el Jefe de Gobierno porte\u00f1o en alusi\u00f3n a los otros dos viaductos (San Mart\u00edn y Belgrano Sur) que se est\u00e1n realizando. Adem\u00e1s, indic\u00f3 que &quot;cada d\u00eda falta menos para terminar esta obra transformadora&quot;, y agreg\u00f3: &quot;Los vecinos van a poder circular mejor y pasar m\u00e1s tiempo con sus familias&quot;.<br \/>A su vez, resalt\u00f3 que al eliminar las barreras &quot;tambi\u00e9n se gana en seguridad&quot;, ya que un accidente all\u00ed es un &quot;accidente fatal&quot;.<\/p>\n<p>En esa l\u00ednea reconoci\u00f3 que los trabajos &quot;estar\u00e1n finalizados para fines de abril&quot;, y que luego &quot;habr\u00e1 dos semanas m\u00e1s de prueba&quot; para que &quot;a mitad de mayo los trenes ya est\u00e9n funcionando&quot;. De la actividad tambi\u00e9n participaron el jefe de Gabinete porte\u00f1o, Felipe Miguel; el ministro de Desarrollo Urbano y Transporte, Franco Moccia; el secretario de Transporte, Juan Jos\u00e9 Mendez; y la directora operativa de Autopistas Urbanas Sociedad An\u00f3nima (AUSA), Camila Su\u00e1rez. Moccia remarc\u00f3 el hecho de que los vecinos ganen m\u00e1s seguridad &quot;al no tener que esperar en la barrera&quot;, y profundiz\u00f3: &quot;Tambi\u00e9n se mejora en lo ambiental, ya que habr\u00e1 menos gases contaminantes, bocinazos y ruido en general&quot;.<\/p>\n<p>El Viaducto Mitre es una obra de ingenier\u00eda que elevar\u00e1 las v\u00edas del ferrocarril, evitar\u00e1 los peligrosos cruces a nivel e incrementar\u00e1 la frecuencia y la calidad del servicio de la l\u00ednea Mitre. Adem\u00e1s, se van a construir dos estaciones elevadas (Belgrano C y Lisandro de la Torre) y se generar\u00e1n nuevos espacios p\u00fablicos y verdes en las 7,4 hect\u00e1reas que quedar\u00e1n libres debajo del viaducto. Los trabajos contribuir\u00e1n al cuidado del ambiente ya que no habr\u00e1 m\u00e1s demoras con la barrera baja y los veh\u00edculos van a circular de una manera m\u00e1s fluida, generando una menor emisi\u00f3n de gases contaminantes.<\/p>\n<p>En total, el Viaducto Mitre beneficiar\u00e1 a un promedio de 100.000 usuarios diarios del ferrocarril Mitre, a 30.000 personas que se movilicen en colectivo y a 70.000 que usen sus autos particulares, a los 454.000 vecinos de los barrios de Belgrano, N\u00fa\u00f1ez y Palermo, y a los 729 empleados que trabajan en la obra y en la f\u00e1brica de dovelas. La L\u00ednea Mitre ramal Retiro-Tigre cuenta actualmente con 17 estaciones y tiene un recorrido que alcanza el norte del \u00c1rea Metropolitana de Buenos Aires hasta la estaci\u00f3n Tigre, atravesando los partidos de Vicente L\u00f3pez, San Isidro, San Fernando y Tigre. Adem\u00e1s de la construcci\u00f3n del Viaducto Mitre, el Gobierno porte\u00f1o tambi\u00e9n avanza en la obras de los viaductos Belgrano Sur y San Mart\u00edn.<\/p>\n","protected":false},"excerpt":{"rendered":"<p>El jefe de Gobierno porte\u00f1o, Horacio Rodr\u00edguez Larreta, particip\u00f3 ayer de la reapertura sin barreras de la calle Blanco Encalada en el barrio de Belgrano, que hab\u00eda sido cerrada por las obras del Viaducto Mitre. &quot;Esta obra les va a hacer ganar much\u00edsimo tiempo a los vecinos, que ya no van a estar m\u00e1s parados [&hellip;]<\/p>\n","protected":false},"author":1,"featured_media":4904,"comment_status":"open","ping_status":"open","sticky":false,"template":"","format":"standard","meta":{"_et_pb_use_builder":"","_et_pb_old_content":"","_et_gb_content_width":"","footnotes":""},"categories":[11,32],"tags":[],"class_list":["post-4903","post","type-post","status-publish","format-standard","has-post-thumbnail","hentry","category-ciudad","category-comunas"],"_links":{"self":[{"href":"https:\/\/vocesdebaires.com.ar\/index.php\/wp-json\/wp\/v2\/posts\/4903"}],"collection":[{"href":"https:\/\/vocesdebaires.com.ar\/index.php\/wp-json\/wp\/v2\/posts"}],"about":[{"href":"https:\/\/vocesdebaires.com.ar\/index.php\/wp-json\/wp\/v2\/types\/post"}],"author":[{"embeddable":true,"href":"https:\/\/vocesdebaires.com.ar\/index.php\/wp-json\/wp\/v2\/users\/1"}],"replies":[{"embeddable":true,"href":"https:\/\/vocesdebaires.com.ar\/index.php\/wp-json\/wp\/v2\/comments?post=4903"}],"version-history":[{"count":0,"href":"https:\/\/vocesdebaires.com.ar\/index.php\/wp-json\/wp\/v2\/posts\/4903\/revisions"}],"wp:featuredmedia":[{"embeddable":true,"href":"https:\/\/vocesdebaires.com.ar\/index.php\/wp-json\/wp\/v2\/media\/4904"}],"wp:attachment":[{"href":"https:\/\/vocesdebaires.com.ar\/index.php\/wp-json\/wp\/v2\/media?parent=4903"}],"wp:term":[{"taxonomy":"category","embeddable":true,"href":"https:\/\/vocesdebaires.com.ar\/index.php\/wp-json\/wp\/v2\/categories?post=4903"},{"taxonomy":"post_tag","embeddable":true,"href":"https:\/\/vocesdebaires.com.ar\/index.php\/wp-json\/wp\/v2\/tags?post=4903"}],"curies":[{"name":"wp","href":"https:\/\/api.w.org\/{rel}","templated":true}]}}