{"id":4922,"date":"2019-03-14T03:00:00","date_gmt":"2019-03-14T06:00:00","guid":{"rendered":"http:\/\/vocesdebaires.com.ar\/wordpress\/index.php\/2019\/03\/14\/participacion-ciudadana-hubo-audiencias-publicas\/"},"modified":"2019-03-14T03:00:00","modified_gmt":"2019-03-14T06:00:00","slug":"participacion-ciudadana-hubo-audiencias-publicas","status":"publish","type":"post","link":"https:\/\/vocesdebaires.com.ar\/index.php\/2019\/03\/14\/participacion-ciudadana-hubo-audiencias-publicas\/","title":{"rendered":"Participaci\u00f3n Ciudadana: Hubo Audiencias P\u00fablicas"},"content":{"rendered":"<p>Las Comisiones de Presupuesto y de Cultura presidieron Audiencias P\u00fablicas en las que se trataron diversas leyes que cuentan con aprobaci\u00f3n inicial. La Comisi\u00f3n de Presupuesto que preside la legisladora \u00a0Paula Villalba (VJ)\u00a0 ayer mi\u00e9rcoles a las 11:30 presidi\u00f3 la consideraci\u00f3n de la ley que en primera lectura otorga a la Asociaci\u00f3n Vecinal &quot;Parque Lezama&quot; la renovaci\u00f3n del permiso de uso a t\u00edtulo precario y gratuito del predio ubicado en la avenida Mart\u00edn Garc\u00eda N\u00b0 294\/300 e Irala N\u00b0 8 al 18 -San Telmo, Comuna1. Se trata del expediente N\u00b0 1783-D-2018 de autor\u00eda de los legisladores Lorena Pokoik, Carlos Tomada y Javier Andrade (UC). Luego, a las 12:30 se efectu\u00f3 la audiencia que otorga a la Asociaci\u00f3n civil Guarder\u00eda Comunitaria &quot;Leandro N. Alem&quot;, permiso de uso a t\u00edtulo precario y gratuito del predio ubicado en Carlos Calvo N\u00ba 1218 -Comuna 1. El expediente es el N\u00b0 3170-D-2018, propuesto por el\u00a0legislador \u00a0Sergio Abrevaya (Gen).<\/p>\n<p>A las 13:30 de ayer \u00a0se llev\u00f3 a cabo la consideraci\u00f3n de la norma que otorga a la Fundaci\u00f3n Prisma el uso a t\u00edtulo precario y gratuito del predio ubicado en la calle Humberto 1\u00b0 N\u00b0 1584\/1586 -Comuna 1. Expediente N\u00b0 2492-D-2018, impulsado por los legisladores Eduardo Petrini, Agust\u00edn Forchieri, Francisco Quintana y Paula Villalba (VJ). En tanto en la v\u00edspera, se efectuaron audiencias a cargo de la Comisi\u00f3n de Cultura que preside el\u00a0legislador Omar Abboud (VJ). Se trat\u00f3 la imposici\u00f3n del nombre &quot;Plaza de Tbilisi, capital de Georgia&quot; al patio situado en la intersecci\u00f3n de las calles Ruggieri y avenida Cervi\u00f1o sobre el expediente N\u00b0 2576-D-2018 -Comuna 14, de autor\u00eda de los\u00a0legisladores Francisco Quintana, Gast\u00f3n Blanchetiere, Diego Garc\u00eda Vilas, L\u00eda Rueda y Eduardo Santamarina (VJ).<\/p>\n<p>Tambi\u00e9n respecto a la imposici\u00f3n del nombre &quot;Manuel Rocca&quot; a la escuela infantil N\u00ba 5 D.E. 18\u00ba situada en la calle Arregui N\u00ba 4430 -Comuna 15, a partir del expediente N\u00b0 1782-J-2018 y sobre la nomenclatura &quot;Rosita Quiroga&quot; a la escuela infantil N\u00b0 11 D.E. 4 sito en Coronel Tom\u00e1s Espora N\u00b0 373 -Parque Patricios, Comuna 4- en este caso el expediente N\u00b0 2827-J-2018, ambos presentados por el Jefe de Gobierno. Finalmente, la denominaci\u00f3n &quot;Padre Rodolfo Ricciardelli&quot; al sector ubicado entre las avenidas Francisco Fern\u00e1ndez de la Cruz y Perito Moreno -Comuna 7, expediente N\u00b0 259-D-2018, impulsado por el legislador Omar Abboud (VJ).Todas las audiencias se realizaron en el Sal\u00f3n San Mart\u00edn que se encuentra en el piso principal de la sede parlamentaria y tuvieron expresiones favorables de los inscriptos que se presentaron en cada una para manifestar su opini\u00f3n.<\/p>\n","protected":false},"excerpt":{"rendered":"<p>Las Comisiones de Presupuesto y de Cultura presidieron Audiencias P\u00fablicas en las que se trataron diversas leyes que cuentan con aprobaci\u00f3n inicial. La Comisi\u00f3n de Presupuesto que preside la legisladora \u00a0Paula Villalba (VJ)\u00a0 ayer mi\u00e9rcoles a las 11:30 presidi\u00f3 la consideraci\u00f3n de la ley que en primera lectura otorga a la Asociaci\u00f3n Vecinal &quot;Parque Lezama&quot; [&hellip;]<\/p>\n","protected":false},"author":1,"featured_media":4923,"comment_status":"open","ping_status":"open","sticky":false,"template":"","format":"standard","meta":{"_et_pb_use_builder":"","_et_pb_old_content":"","_et_gb_content_width":"","footnotes":""},"categories":[11,33],"tags":[],"class_list":["post-4922","post","type-post","status-publish","format-standard","has-post-thumbnail","hentry","category-ciudad","category-sociedad-y-cultura-2"],"_links":{"self":[{"href":"https:\/\/vocesdebaires.com.ar\/index.php\/wp-json\/wp\/v2\/posts\/4922"}],"collection":[{"href":"https:\/\/vocesdebaires.com.ar\/index.php\/wp-json\/wp\/v2\/posts"}],"about":[{"href":"https:\/\/vocesdebaires.com.ar\/index.php\/wp-json\/wp\/v2\/types\/post"}],"author":[{"embeddable":true,"href":"https:\/\/vocesdebaires.com.ar\/index.php\/wp-json\/wp\/v2\/users\/1"}],"replies":[{"embeddable":true,"href":"https:\/\/vocesdebaires.com.ar\/index.php\/wp-json\/wp\/v2\/comments?post=4922"}],"version-history":[{"count":0,"href":"https:\/\/vocesdebaires.com.ar\/index.php\/wp-json\/wp\/v2\/posts\/4922\/revisions"}],"wp:featuredmedia":[{"embeddable":true,"href":"https:\/\/vocesdebaires.com.ar\/index.php\/wp-json\/wp\/v2\/media\/4923"}],"wp:attachment":[{"href":"https:\/\/vocesdebaires.com.ar\/index.php\/wp-json\/wp\/v2\/media?parent=4922"}],"wp:term":[{"taxonomy":"category","embeddable":true,"href":"https:\/\/vocesdebaires.com.ar\/index.php\/wp-json\/wp\/v2\/categories?post=4922"},{"taxonomy":"post_tag","embeddable":true,"href":"https:\/\/vocesdebaires.com.ar\/index.php\/wp-json\/wp\/v2\/tags?post=4922"}],"curies":[{"name":"wp","href":"https:\/\/api.w.org\/{rel}","templated":true}]}}