{"id":49655,"date":"2024-07-17T00:00:10","date_gmt":"2024-07-17T03:00:10","guid":{"rendered":"https:\/\/vocesdebaires.com.ar\/?p=49655"},"modified":"2024-07-16T23:15:42","modified_gmt":"2024-07-17T02:15:42","slug":"estacion-pasteur-amiase-termino-la-renovacion-y-reabre-manana","status":"publish","type":"post","link":"https:\/\/vocesdebaires.com.ar\/index.php\/2024\/07\/17\/estacion-pasteur-amiase-termino-la-renovacion-y-reabre-manana\/","title":{"rendered":"Estaci\u00f3n Pasteur-AMIA:Se termin\u00f3 la renovaci\u00f3n y reabre ma\u00f1ana"},"content":{"rendered":"<p>La estaci\u00f3n Pasteur-AMIA del subte B reabrir\u00e1 ma\u00f1ana jueves tras la finalizaci\u00f3n de las obras de renovaci\u00f3n integral y de recuperaci\u00f3n del espacio de memoria. La reapertura coincide con el acto central por el 30 aniversario del atentado terrorista que destruy\u00f3 la sede de la mutual israelita.\u201cCon estas obras los vecinos de la Ciudad van a poder viajar mucho mejor, pero no se trata solo de eso, porque en la estaci\u00f3n tambi\u00e9n hicimos un espacio de memoria vivencial para que nadie olvide el brutal atentado del 18 de julio de 1994&#8243; , dijo Jorge Macri.<\/p>\n<p>Y agreg\u00f3: \u00abEn estos 30 a\u00f1os que se cumplen de un momento tan doloroso como fue este para la historia de la Argentina y de la Ciudad queremos dejar esta marca, esta impronta, para seguir reclamando por verdad y justicia\u00bb. Macri recorri\u00f3 este lunes la estaci\u00f3n junto al presidente de la Amia, Amos Linetzky, y el presidente de Subterr\u00e1neos de Buenos Aires S.E. (SBASE), Javier Ib\u00e1\u00f1ez, entre otros funcionarios.Mediante una tarea conjunta con la AMIA se hizo la puesta en valor de todas las intervenciones que dan forma al espacio de la memoria y de homenaje permanente a las v\u00edctimas del atentado, como murales, ilustraciones, fotograf\u00edas y fragmentos de canciones de 25 artistas locales.<\/p>\n<p>La renovaci\u00f3n de la estaci\u00f3n implic\u00f3 obras en los accesos, las galer\u00edas de escaleras, el vest\u00edbulo y los andenes con el objetivo de garantizar una mejor circulaci\u00f3n y transformarla en un espacio m\u00e1s c\u00f3modo, ordenado y mejor iluminado. Adem\u00e1s se hicieron trabajos de impermeabilizaci\u00f3n, pintura, reparaci\u00f3n de pisos, recambio de luminarias, reordenamiento del tendido el\u00e9ctrico, adecuaci\u00f3n de se\u00f1al\u00e9tica y nuevo mobiliario, como bancos, cestos y apoyos isqui\u00e1ticos.<\/p>\n<p>En el marco del Plan de Renovaci\u00f3n Integral de estaciones ya fueron remodeladas Castro Barros y Acoyte (L\u00ednea A); San Mart\u00edn (L\u00ednea C); Bulnes y Facultad de Medicina (L\u00ednea D); Jujuy (L\u00ednea E) y Nuestra Se\u00f1ora de F\u00e1tima, Presidente Illia, Parque de la Ciudad, Escalada, Pola, General Savio, Centro C\u00edvico Lugano y Ana D\u00edaz (Premetro). Mientras tanto, siguen los trabajos de Subterr\u00e1neos de Buenos Aires en la estaci\u00f3n de Premetro Julio C\u00e9sar Saguier y se encuentran en etapa de licitaci\u00f3n las obras para la renovaci\u00f3n de Lima (L\u00ednea A), Pueyrred\u00f3n (L\u00ednea B), y Scalabrini Ort\u00edz y Palermo (L\u00ednea D).<\/p>\n","protected":false},"excerpt":{"rendered":"<p>La estaci\u00f3n Pasteur-AMIA del subte B reabrir\u00e1 ma\u00f1ana jueves tras la finalizaci\u00f3n de las obras de renovaci\u00f3n integral y de recuperaci\u00f3n del espacio de memoria. La reapertura coincide con el acto central por el 30 aniversario del atentado terrorista que destruy\u00f3 la sede de la mutual israelita.\u201cCon estas obras los vecinos de la Ciudad van [&hellip;]<\/p>\n","protected":false},"author":2,"featured_media":49656,"comment_status":"open","ping_status":"open","sticky":false,"template":"","format":"standard","meta":{"_et_pb_use_builder":"","_et_pb_old_content":"","_et_gb_content_width":"","footnotes":""},"categories":[11,36],"tags":[],"class_list":["post-49655","post","type-post","status-publish","format-standard","has-post-thumbnail","hentry","category-ciudad","category-transito-2"],"_links":{"self":[{"href":"https:\/\/vocesdebaires.com.ar\/index.php\/wp-json\/wp\/v2\/posts\/49655"}],"collection":[{"href":"https:\/\/vocesdebaires.com.ar\/index.php\/wp-json\/wp\/v2\/posts"}],"about":[{"href":"https:\/\/vocesdebaires.com.ar\/index.php\/wp-json\/wp\/v2\/types\/post"}],"author":[{"embeddable":true,"href":"https:\/\/vocesdebaires.com.ar\/index.php\/wp-json\/wp\/v2\/users\/2"}],"replies":[{"embeddable":true,"href":"https:\/\/vocesdebaires.com.ar\/index.php\/wp-json\/wp\/v2\/comments?post=49655"}],"version-history":[{"count":1,"href":"https:\/\/vocesdebaires.com.ar\/index.php\/wp-json\/wp\/v2\/posts\/49655\/revisions"}],"predecessor-version":[{"id":49657,"href":"https:\/\/vocesdebaires.com.ar\/index.php\/wp-json\/wp\/v2\/posts\/49655\/revisions\/49657"}],"wp:featuredmedia":[{"embeddable":true,"href":"https:\/\/vocesdebaires.com.ar\/index.php\/wp-json\/wp\/v2\/media\/49656"}],"wp:attachment":[{"href":"https:\/\/vocesdebaires.com.ar\/index.php\/wp-json\/wp\/v2\/media?parent=49655"}],"wp:term":[{"taxonomy":"category","embeddable":true,"href":"https:\/\/vocesdebaires.com.ar\/index.php\/wp-json\/wp\/v2\/categories?post=49655"},{"taxonomy":"post_tag","embeddable":true,"href":"https:\/\/vocesdebaires.com.ar\/index.php\/wp-json\/wp\/v2\/tags?post=49655"}],"curies":[{"name":"wp","href":"https:\/\/api.w.org\/{rel}","templated":true}]}}