{"id":4987,"date":"2019-06-28T03:00:00","date_gmt":"2019-06-28T06:00:00","guid":{"rendered":"http:\/\/vocesdebaires.com.ar\/wordpress\/index.php\/2019\/06\/28\/pedido-de-informes-por-accidente-en-lugano\/"},"modified":"2019-06-28T03:00:00","modified_gmt":"2019-06-28T06:00:00","slug":"pedido-de-informes-por-accidente-en-lugano","status":"publish","type":"post","link":"https:\/\/vocesdebaires.com.ar\/index.php\/2019\/06\/28\/pedido-de-informes-por-accidente-en-lugano\/","title":{"rendered":"Pedido de Informes por accidente en Lugano"},"content":{"rendered":"<p>Sobre tablas se aprob\u00f3 un pedido de informes al Poder Ejecutivo con relaci\u00f3n al accidente ocurrido el martes 25 de junio en la intersecci\u00f3n de la calle Pola y la avenida Gral. Francisco Fern\u00e1ndez de la Cruz de Villa Lugano -Comuna 8 en el que intervino una formaci\u00f3n del Premetro. En horas de la tarde dos ni\u00f1os de 6 y 9 a\u00f1os respectivamente, fueron arrollados al salir de la escuela. El proyecto de resoluci\u00f3n impulsado por el bloque UC que fue aprobado sobre un texto consensuado pide precisiones sobre las caracter\u00edsticas del hecho, y las medidas de prevenci\u00f3n y seguridad implementadas en la zona, altamente transitada especialmente en horarios de ingreso y egreso escolar.<\/p>\n<p>Centenario del nacimiento de Evita<\/p>\n<p>Se dispuso un acto conmemorativo en el a\u00f1o del centenario del natalicio de Mar\u00eda Eva Duarte de Per\u00f3n. Los diputados aprobaron un proyecto de resoluci\u00f3n que dispone colocar una placa de 24 por 14 cmts. y de 0,3 cm de espesor sobre el escritorio que se encuentra en el Sal\u00f3n Eva Per\u00f3n -planta baja del Palacio Legislativo-, con el siguiente texto: \u201cYo no me dej\u00e9 arrancar el alma que traje de la calle, por eso no me deslumbr\u00f3 jam\u00e1s la grandeza del poder y pude ver sus miserias.<\/p>\n<p>Por eso nunca me olvid\u00e9 de las miserias de mi Pueblo y pude ver sus grandezas\u201d. Eva Per\u00f3n. Homenaje de la Legislatura de la Ciudad de Buenos Aires&quot;. El expediente iniciado por los legisladores Javier Andrade, Victoria Montenegro, Paula Penacca, Leandro Santoro y Carlos Alfonso Tomada (UC) fue despachado por Comisi\u00f3n asesora de Cultura que aconsej\u00f3 la aprobaci\u00f3n.<\/p>\n<p>Los fundamentos refieren a que &quot;en esta Legislatura Evita pasaba sus d\u00edas atendiendo a la gente m\u00e1s necesitada&quot; aludiendo a que en el edificio funcion\u00f3 la sede provisoria de la Fundaci\u00f3n de ayuda social directa entre los a\u00f1os 1946 y 1955. Incluso, tras su fallecimiento el 26 de julio de 1952, sus restos fueron velados durante 14 d\u00edas en el Hall de Honor situado en la planta principal del entonces Ministerio de Trabajo y Previsi\u00f3n.<\/p>\n<p>Inter\u00e9s social por gu\u00eda sobre violencia de g\u00e9nero<br \/>La gu\u00eda &quot;Primera l\u00ednea de apoyo. Protocolo de intervenci\u00f3n para el Acceso a la Justicia de Mujeres en situaci\u00f3n de Violencia de G\u00e9nero en las relaciones de pareja&quot;, destinada a operadores de servicios no especializados en violencia de g\u00e9nero y realizada por la Secretar\u00eda de Asuntos Institucionales del Consejo de la Magistratura de la Ciudad, este jueves fue declarada de inter\u00e9s social y para la promoci\u00f3n de los derechos humanos de las mujeres.<\/p>\n<p>Se desarroll\u00f3 para la intervenci\u00f3n en situaciones de violencia de g\u00e9nero contra las mujeres en el \u00e1mbito de la pareja o expareja, sean relaciones vigentes o finalizadas, incluyendo al matrimonio, las uniones de hecho y noviazgos, no siendo requisito la convivencia, e independientemente del espacio f\u00edsico donde ocurra. Incluso est\u00e1 focalizado en pautas de actuaci\u00f3n para operadores no especialistas a fin de poder realizar una primera orientaci\u00f3n destinada a facilitar el acceso a la Justicia.<\/p>\n<p>Con ese objeto, provee informaci\u00f3n y recomendaciones sobre diferentes tem\u00e1ticas: derechos de las mujeres y disidencias, distintos aspectos de la denuncia por violencia de g\u00e9nero, descripci\u00f3n del recorrido judicial posterior y numerosos recursos legales, sociales y psicol\u00f3gicos disponibles en la Ciudad de Buenos Aires. El documento fue elaborado sobre las conclusiones de la \u201cMesa de Trabajo Interinstitucional Justicia y Mujeres en Situaci\u00f3n de Violencia\u201d que se viene desarrollando desde el a\u00f1o 2017 y cuyo primer encuentro dio origen al Protocolo.<\/p>\n<p>Cuenta con los aportes del Centro de Asistencia a las V\u00edctimas de Delitos (CENAVID) y del Programa Las V\u00edctimas contra las Violencias del Ministerio de Justicia y Derechos Humanos de la Naci\u00f3n, Instituto Nacional de las Mujeres (INAM), Unidad Fiscal Especializada en Violencia contra las Mujeres (UFEM) del Ministerio P\u00fablico Fiscal de la Naci\u00f3n, Direcci\u00f3n General de la Mujer del GCABA, Superintendencia de Violencia Familiar y de G\u00e9nero de la Polic\u00eda de la Ciudad, Defensor\u00eda del Pueblo, Observatorio de G\u00e9nero en la Justicia del Consejo de la Magistratura local y la asociaci\u00f3n civil La Casa del Encuentro.<\/p>\n<p>Adem\u00e1s, participaron en los contenidos las magistradas de la justicia porte\u00f1a: Natalia Molina, jueza del Fuero Penal, Contravencional y de Faltas; Genoveva Cardinali, fiscal Especializada en Violencia de G\u00e9nero de la Unidad Fiscal Este y Alejandra Lorena Lampolio, defensora del Fuero Contencioso, Administrativo y Tributario. La propuesta de la declaratoria es autor\u00eda de la diputada Andrea Conde (UC) y tuvo despacho de la Comisi\u00f3n de Mujer, Infancia, Adolescencia y Juventud.<\/p>\n<p>Homenaje al artista Alejandro Cabrera Britos<br \/>Se dispuso la colocaci\u00f3n de una placa conmemorativa en homenaje al artista Alejandro Cabrera Britos, en la intersecci\u00f3n de avenida Independencia y calle Defensa. Se trata de un referente de los derechos humanos y m\u00fasico callejero, saxofonista, integrante de las bandas Jamaicaderos, Pezones Cardozo y Mavirock. La presentaci\u00f3n del legislador Santiago Roberto (BP) fue aprobada sobre tablas.<\/p>\n","protected":false},"excerpt":{"rendered":"<p>Sobre tablas se aprob\u00f3 un pedido de informes al Poder Ejecutivo con relaci\u00f3n al accidente ocurrido el martes 25 de junio en la intersecci\u00f3n de la calle Pola y la avenida Gral. Francisco Fern\u00e1ndez de la Cruz de Villa Lugano -Comuna 8 en el que intervino una formaci\u00f3n del Premetro. En horas de la tarde [&hellip;]<\/p>\n","protected":false},"author":1,"featured_media":4988,"comment_status":"open","ping_status":"open","sticky":false,"template":"","format":"standard","meta":{"_et_pb_use_builder":"","_et_pb_old_content":"","_et_gb_content_width":"","footnotes":""},"categories":[11,32],"tags":[],"class_list":["post-4987","post","type-post","status-publish","format-standard","has-post-thumbnail","hentry","category-ciudad","category-comunas"],"_links":{"self":[{"href":"https:\/\/vocesdebaires.com.ar\/index.php\/wp-json\/wp\/v2\/posts\/4987"}],"collection":[{"href":"https:\/\/vocesdebaires.com.ar\/index.php\/wp-json\/wp\/v2\/posts"}],"about":[{"href":"https:\/\/vocesdebaires.com.ar\/index.php\/wp-json\/wp\/v2\/types\/post"}],"author":[{"embeddable":true,"href":"https:\/\/vocesdebaires.com.ar\/index.php\/wp-json\/wp\/v2\/users\/1"}],"replies":[{"embeddable":true,"href":"https:\/\/vocesdebaires.com.ar\/index.php\/wp-json\/wp\/v2\/comments?post=4987"}],"version-history":[{"count":0,"href":"https:\/\/vocesdebaires.com.ar\/index.php\/wp-json\/wp\/v2\/posts\/4987\/revisions"}],"wp:featuredmedia":[{"embeddable":true,"href":"https:\/\/vocesdebaires.com.ar\/index.php\/wp-json\/wp\/v2\/media\/4988"}],"wp:attachment":[{"href":"https:\/\/vocesdebaires.com.ar\/index.php\/wp-json\/wp\/v2\/media?parent=4987"}],"wp:term":[{"taxonomy":"category","embeddable":true,"href":"https:\/\/vocesdebaires.com.ar\/index.php\/wp-json\/wp\/v2\/categories?post=4987"},{"taxonomy":"post_tag","embeddable":true,"href":"https:\/\/vocesdebaires.com.ar\/index.php\/wp-json\/wp\/v2\/tags?post=4987"}],"curies":[{"name":"wp","href":"https:\/\/api.w.org\/{rel}","templated":true}]}}