{"id":499,"date":"2021-01-25T03:00:00","date_gmt":"2021-01-25T06:00:00","guid":{"rendered":"http:\/\/vocesdebaires.com.ar\/wordpress\/index.php\/2021\/01\/25\/amia-actividades-para-realizar-desde-casa\/"},"modified":"2021-01-25T03:00:00","modified_gmt":"2021-01-25T06:00:00","slug":"amia-actividades-para-realizar-desde-casa","status":"publish","type":"post","link":"https:\/\/vocesdebaires.com.ar\/index.php\/2021\/01\/25\/amia-actividades-para-realizar-desde-casa\/","title":{"rendered":"AMIA: Actividades para realizar desde casa"},"content":{"rendered":"<p>Con una renovada agenda de propuestas para realizar durante el verano, el Centro Integral de Adultos Mayores \u201cJofesh\u201d de AMIA (CIAM) sigue adelante con los talleres virtuales que comenz\u00f3 a ofrecer diariamente desde el inicio de la pandemia. A trav\u00e9s de diversas plataformas digitales (Zoom, Facebook Live, Youtube y Whatsapp), las personas mayores podr\u00e1n continuar con las actividades desde sus casas. La agenda incluye talleres de movimiento, yoga, literatura, m\u00fasica, reflexi\u00f3n, ciclos especiales de verano y herramientas para transitar el a\u00f1o 2021 acorde con los desaf\u00edos que se presentan a nivel digital.<\/p>\n<p>Entre otras actividades, se planificaron a su vez conferencias sobre la historia de la dispersi\u00f3n del pueblo jud\u00edo en el mundo. \u201cContinuaremos con el env\u00edo a domicilio de los cuadernillos con ejercitaci\u00f3n para los concurrentes que no tienen acceso a las redes sociales. Adem\u00e1s, seguiremos con la publicaci\u00f3n del podcast literario que produce nuestro staff docente\u201d, expresaron desde el \u00e1rea de Adultos Mayores de AMIA. \u201cPensamos una agenda con propuestas diversas para que durante enero y febrero las personas mayores puedan capacitarse, divertirse y encontrarse con sus pares a pesar de la distancia f\u00edsica\u201d, agregaron.<\/p>\n<p>Apoyado en una s\u00f3lida estructura profesional e interdisciplinaria con formaci\u00f3n gerontol\u00f3gica, el CIAM promueve el envejecimiento activo a trav\u00e9s de iniciativas que permitan a las personas sostener su lugar de pertenencia, su sentido de comunidad y los lazos sociales con sus pares. El CIAM es hoy una referencia en la regi\u00f3n en t\u00e9rminos de atenci\u00f3n integral a la poblaci\u00f3n mayor, en la promoci\u00f3n de pr\u00e1cticas saludables y el bienestar en la vejez. Para realizar consultas sobre las actividades que se ofrecen, las personas interesadas pueden escribir a <a href=&quot;mailto:adultosmayores@amia.org.ar&quot;>adultosmayores@amia.org.ar<\/a>, por Whatsapp al 1124700425 o trav\u00e9s de la p\u00e1gina de Facebook de \u201cJofesh\u201d (\/CIAMJOFESH).<\/p>\n","protected":false},"excerpt":{"rendered":"<p>Con una renovada agenda de propuestas para realizar durante el verano, el Centro Integral de Adultos Mayores \u201cJofesh\u201d de AMIA (CIAM) sigue adelante con los talleres virtuales que comenz\u00f3 a ofrecer diariamente desde el inicio de la pandemia. A trav\u00e9s de diversas plataformas digitales (Zoom, Facebook Live, Youtube y Whatsapp), las personas mayores podr\u00e1n continuar [&hellip;]<\/p>\n","protected":false},"author":1,"featured_media":500,"comment_status":"open","ping_status":"open","sticky":false,"template":"","format":"standard","meta":{"_et_pb_use_builder":"","_et_pb_old_content":"","_et_gb_content_width":"","footnotes":""},"categories":[11,32],"tags":[],"class_list":["post-499","post","type-post","status-publish","format-standard","has-post-thumbnail","hentry","category-ciudad","category-comunas"],"_links":{"self":[{"href":"https:\/\/vocesdebaires.com.ar\/index.php\/wp-json\/wp\/v2\/posts\/499"}],"collection":[{"href":"https:\/\/vocesdebaires.com.ar\/index.php\/wp-json\/wp\/v2\/posts"}],"about":[{"href":"https:\/\/vocesdebaires.com.ar\/index.php\/wp-json\/wp\/v2\/types\/post"}],"author":[{"embeddable":true,"href":"https:\/\/vocesdebaires.com.ar\/index.php\/wp-json\/wp\/v2\/users\/1"}],"replies":[{"embeddable":true,"href":"https:\/\/vocesdebaires.com.ar\/index.php\/wp-json\/wp\/v2\/comments?post=499"}],"version-history":[{"count":0,"href":"https:\/\/vocesdebaires.com.ar\/index.php\/wp-json\/wp\/v2\/posts\/499\/revisions"}],"wp:featuredmedia":[{"embeddable":true,"href":"https:\/\/vocesdebaires.com.ar\/index.php\/wp-json\/wp\/v2\/media\/500"}],"wp:attachment":[{"href":"https:\/\/vocesdebaires.com.ar\/index.php\/wp-json\/wp\/v2\/media?parent=499"}],"wp:term":[{"taxonomy":"category","embeddable":true,"href":"https:\/\/vocesdebaires.com.ar\/index.php\/wp-json\/wp\/v2\/categories?post=499"},{"taxonomy":"post_tag","embeddable":true,"href":"https:\/\/vocesdebaires.com.ar\/index.php\/wp-json\/wp\/v2\/tags?post=499"}],"curies":[{"name":"wp","href":"https:\/\/api.w.org\/{rel}","templated":true}]}}