{"id":5004,"date":"2019-06-27T03:00:00","date_gmt":"2019-06-27T06:00:00","guid":{"rendered":"http:\/\/vocesdebaires.com.ar\/wordpress\/index.php\/2019\/06\/27\/excarcel-de-caseros-avanza-puesta-en-valor\/"},"modified":"2019-06-27T03:00:00","modified_gmt":"2019-06-27T06:00:00","slug":"excarcel-de-caseros-avanza-puesta-en-valor","status":"publish","type":"post","link":"https:\/\/vocesdebaires.com.ar\/index.php\/2019\/06\/27\/excarcel-de-caseros-avanza-puesta-en-valor\/","title":{"rendered":"Exc\u00e1rcel de Caseros: Avanza puesta en valor"},"content":{"rendered":"<p>La Comisi\u00f3n asesora de Presupuesto, Hacienda, Administraci\u00f3n Financiera y Pol\u00edtica Tributaria que preside la legislatura Paula Villalba (VJ) avanz\u00f3 hoy sobre el financiamiento a la puesta en valor del predio en el que funcionara durante muchos a\u00f1os la C\u00e1rcel de Caseros en el barrio de Parque Patricios -Comuna 4.El proyecto de ley firmado este mi\u00e9rcoles busca autorizar la contracci\u00f3n de empr\u00e9stitos p\u00fablicos por hasta 72 millones de d\u00f3lares para la construcci\u00f3n y puesta en valor despu\u00e9s que el mi\u00e9rcoles pasado se realizara una reuni\u00f3n informativa con integrantes del Poder Ejecutivo que explicaron el proyecto.<\/p>\n<p>Adem\u00e1s, se firm\u00f3 el dictamen que propicia la derogaci\u00f3n del articulo 411 del C\u00f3digo Fiscal y de los art\u00edculos 39 y 40 del Anexo I de la Ley N\u00b0 6.067 con las modificaciones introducidas por la Ley N\u00b06.148, para que los feriantes manualitas, artesanales y de libros y los dependientes de la Comisi\u00f3n Nacional de Museos y Lugares Hist\u00f3ricos radicados en la Feria del Patio del Cabildo, tengan un arancel fijo de alquiler por m2.<\/p>\n<p>La propuesta presentada por el Jefe de Gobierno, Horacio Rodr\u00edguez Larreta, se vincula con diversos an\u00e1lisis relacionados con la evoluci\u00f3n de la actividad gastron\u00f3mica en la jurisdicci\u00f3n y las eventuales medidas econ\u00f3micas tendientes a facilitar la creaci\u00f3n de nuevos emprendimientos y la potenciaci\u00f3n del desarrollo de las empresas existentes. Por otra parte, tambi\u00e9n ser\u00e1 elevado al Pleno el despacho correspondiente a la condonaci\u00f3n de deuda de la &quot;Fundaci\u00f3n Favaloro para la Docencia e Investigaci\u00f3n M\u00e9dica&quot; en concepto de Impuesto Inmobiliario y Tasa por Prestaci\u00f3n de Servicios, correspondiente al per\u00edodo 1\/2013 a 7\/2014 inclusive, que recae sobre el inmueble sito en la avenida Belgrano 1746\/1768 del barrio de Monserrat -Comuna 1.<\/p>\n<p>Los argumentos de la iniciativa presentada por la diputada Paula Villalba y sus pares Jos\u00e9 Luis Acevedo y Agust\u00edn Forchieri (VJ) presentes en la reuni\u00f3n, sostienen que &quot;los aportes de la Fundaci\u00f3n a la investigaci\u00f3n cient\u00edfica son n\u00fameros y la sociedad goza de sus repercusiones en la salud humana. La responsabilidad social de su fundador, Ren\u00e9 Favaloro, y el compromiso que ha manifestado la instituci\u00f3n son muy relevantes para la historia nacional&quot;.Participaron tambi\u00e9n los legisladores L\u00eda Rueda, Paola Michielotto, Claudio Cingolani, Diego Garc\u00eda Vilas, Claudio Romero, Cristina Garc\u00eda, Christian Bauab y Daniel Presti (VJ).<\/p>\n","protected":false},"excerpt":{"rendered":"<p>La Comisi\u00f3n asesora de Presupuesto, Hacienda, Administraci\u00f3n Financiera y Pol\u00edtica Tributaria que preside la legislatura Paula Villalba (VJ) avanz\u00f3 hoy sobre el financiamiento a la puesta en valor del predio en el que funcionara durante muchos a\u00f1os la C\u00e1rcel de Caseros en el barrio de Parque Patricios -Comuna 4.El proyecto de ley firmado este mi\u00e9rcoles [&hellip;]<\/p>\n","protected":false},"author":1,"featured_media":5005,"comment_status":"open","ping_status":"open","sticky":false,"template":"","format":"standard","meta":{"_et_pb_use_builder":"","_et_pb_old_content":"","_et_gb_content_width":"","footnotes":""},"categories":[11,32],"tags":[],"class_list":["post-5004","post","type-post","status-publish","format-standard","has-post-thumbnail","hentry","category-ciudad","category-comunas"],"_links":{"self":[{"href":"https:\/\/vocesdebaires.com.ar\/index.php\/wp-json\/wp\/v2\/posts\/5004"}],"collection":[{"href":"https:\/\/vocesdebaires.com.ar\/index.php\/wp-json\/wp\/v2\/posts"}],"about":[{"href":"https:\/\/vocesdebaires.com.ar\/index.php\/wp-json\/wp\/v2\/types\/post"}],"author":[{"embeddable":true,"href":"https:\/\/vocesdebaires.com.ar\/index.php\/wp-json\/wp\/v2\/users\/1"}],"replies":[{"embeddable":true,"href":"https:\/\/vocesdebaires.com.ar\/index.php\/wp-json\/wp\/v2\/comments?post=5004"}],"version-history":[{"count":0,"href":"https:\/\/vocesdebaires.com.ar\/index.php\/wp-json\/wp\/v2\/posts\/5004\/revisions"}],"wp:featuredmedia":[{"embeddable":true,"href":"https:\/\/vocesdebaires.com.ar\/index.php\/wp-json\/wp\/v2\/media\/5005"}],"wp:attachment":[{"href":"https:\/\/vocesdebaires.com.ar\/index.php\/wp-json\/wp\/v2\/media?parent=5004"}],"wp:term":[{"taxonomy":"category","embeddable":true,"href":"https:\/\/vocesdebaires.com.ar\/index.php\/wp-json\/wp\/v2\/categories?post=5004"},{"taxonomy":"post_tag","embeddable":true,"href":"https:\/\/vocesdebaires.com.ar\/index.php\/wp-json\/wp\/v2\/tags?post=5004"}],"curies":[{"name":"wp","href":"https:\/\/api.w.org\/{rel}","templated":true}]}}