{"id":5020,"date":"2019-06-27T03:00:00","date_gmt":"2019-06-27T06:00:00","guid":{"rendered":"http:\/\/vocesdebaires.com.ar\/wordpress\/index.php\/2019\/06\/27\/sistema-para-identificar-huellas-geneticas\/"},"modified":"2019-06-27T03:00:00","modified_gmt":"2019-06-27T06:00:00","slug":"sistema-para-identificar-huellas-geneticas","status":"publish","type":"post","link":"https:\/\/vocesdebaires.com.ar\/index.php\/2019\/06\/27\/sistema-para-identificar-huellas-geneticas\/","title":{"rendered":"Sistema para  identificar huellas gen\u00e9ticas"},"content":{"rendered":"<p>El ministro de Seguridad de la provincia de Buenos Aires, Cristian Ritondo, y el secretario de Gobierno de Ciencia, Tecnolog\u00eda e Innovaci\u00f3n Productiva de la Naci\u00f3n, Lino Bara\u00f1ao, acordaron la utilizaci\u00f3n del software GENis en el territorio bonaerense, lo que permitir\u00e1 que esta Polic\u00eda, sea la primera en contar con la m\u00e1s alta tecnolog\u00eda en materia de identificaci\u00f3n de muestras biol\u00f3gicas y perfiles de ADN para la resoluci\u00f3n de casos criminales.&quot;Este sistema permitir\u00e1 poner nombre y apellido a todas las huellas gen\u00e9ticas que se levanten en la escena del crimen&quot;, sostuvo el funcionario del gabinete de Mar\u00eda Eugenia Vidal tras la firma del convenio.<\/p>\n<p>En ese sentido, Ritondo recalc\u00f3: &quot;Estamos siendo protagonistas de un avance tecnol\u00f3gico inmenso en lo que hace a la investigaci\u00f3n cient\u00edfica de la Provincia&quot;. &quot;En estos tres a\u00f1os de gesti\u00f3n uno de nuestros pilares que venimos sosteniendo es dotar a la Polic\u00eda de herramientas que le permitan realizar sus tareas con mayor precisi\u00f3n&quot;, indic\u00f3 el ministro provincial.En tanto, Bara\u00f1ao destac\u00f3 la importancia de este software desarrollado \u00edntegramente en el pa\u00eds: &quot;Si no tuvi\u00e9ramos un sistema cient\u00edfico id\u00f3neo, no tendr\u00edamos esta herramienta adaptada a tiempo real a necesidades que garanticen seguridad&quot;.<\/p>\n<p>En ese sentido, subray\u00f3 la importancia del Programa Nacional Ciencia y Justicia, que &quot;demuestra la necesidad de contar con un sistema cient\u00edfico consciente del valor que tiene el conocimiento aplicado&quot;.<br \/>GENis es un software de almacenamiento y comparaci\u00f3n de perfiles gen\u00e9ticos con fines forenses, desarrollado por un consorcio de cient\u00edficos, tecn\u00f3logos, profesionales del derecho y programadores de la Rep\u00fablica Argentina. Para su construcci\u00f3n el equipo de desarrollo se orient\u00f3 en especificaciones t\u00e9cnicas suministradas por organismos del sistema judicial del pa\u00eds y en pautas y recomendaciones de organismos internacionales especializados.<\/p>\n<p>Del mismo participaron investigadores del CONICET, de la Sociedad Argentina de Gen\u00e9tica Forense (SAGF), de la Universidad de Buenos Aires (UBA), de la Universidad Nacional de la Plata (UNLP), del Instituto Leloir, de la Asociaci\u00f3n Argentina de Bioinform\u00e1tica, del Ministerio P\u00fablico de la Provincia de Buenos Aires, de la empresa Baufest y otros centros especializados. Actualmente, la Polic\u00eda Cient\u00edfica de la provincia de Buenos Aires cuenta con un laboratorio de gen\u00e9tica forense en el Partido de San Mart\u00edn que ser\u00e1 la sede donde se har\u00e1 la instalaci\u00f3n de la herramienta inform\u00e1tica coordinada por la Fundaci\u00f3n Sadosky y desarrollada por un consorcio p\u00fablico-privado. En la firma del convenio el ministro Ritondo estuvo acompa\u00f1ado por la comisaria General Cristina Raverta, titular de la Superintendencia de Polic\u00eda Cient\u00edfica.\u200b<\/p>\n<p>Fotos: Ministerio de Seguridad de la Provincia de Buenos Aires<\/p>\n","protected":false},"excerpt":{"rendered":"<p>El ministro de Seguridad de la provincia de Buenos Aires, Cristian Ritondo, y el secretario de Gobierno de Ciencia, Tecnolog\u00eda e Innovaci\u00f3n Productiva de la Naci\u00f3n, Lino Bara\u00f1ao, acordaron la utilizaci\u00f3n del software GENis en el territorio bonaerense, lo que permitir\u00e1 que esta Polic\u00eda, sea la primera en contar con la m\u00e1s alta tecnolog\u00eda en [&hellip;]<\/p>\n","protected":false},"author":1,"featured_media":5021,"comment_status":"open","ping_status":"open","sticky":false,"template":"","format":"standard","meta":{"_et_pb_use_builder":"","_et_pb_old_content":"","_et_gb_content_width":"","footnotes":""},"categories":[34,13],"tags":[],"class_list":["post-5020","post","type-post","status-publish","format-standard","has-post-thumbnail","hentry","category-politica","category-provincia"],"_links":{"self":[{"href":"https:\/\/vocesdebaires.com.ar\/index.php\/wp-json\/wp\/v2\/posts\/5020"}],"collection":[{"href":"https:\/\/vocesdebaires.com.ar\/index.php\/wp-json\/wp\/v2\/posts"}],"about":[{"href":"https:\/\/vocesdebaires.com.ar\/index.php\/wp-json\/wp\/v2\/types\/post"}],"author":[{"embeddable":true,"href":"https:\/\/vocesdebaires.com.ar\/index.php\/wp-json\/wp\/v2\/users\/1"}],"replies":[{"embeddable":true,"href":"https:\/\/vocesdebaires.com.ar\/index.php\/wp-json\/wp\/v2\/comments?post=5020"}],"version-history":[{"count":0,"href":"https:\/\/vocesdebaires.com.ar\/index.php\/wp-json\/wp\/v2\/posts\/5020\/revisions"}],"wp:featuredmedia":[{"embeddable":true,"href":"https:\/\/vocesdebaires.com.ar\/index.php\/wp-json\/wp\/v2\/media\/5021"}],"wp:attachment":[{"href":"https:\/\/vocesdebaires.com.ar\/index.php\/wp-json\/wp\/v2\/media?parent=5020"}],"wp:term":[{"taxonomy":"category","embeddable":true,"href":"https:\/\/vocesdebaires.com.ar\/index.php\/wp-json\/wp\/v2\/categories?post=5020"},{"taxonomy":"post_tag","embeddable":true,"href":"https:\/\/vocesdebaires.com.ar\/index.php\/wp-json\/wp\/v2\/tags?post=5020"}],"curies":[{"name":"wp","href":"https:\/\/api.w.org\/{rel}","templated":true}]}}