{"id":5040,"date":"2019-06-25T03:00:00","date_gmt":"2019-06-25T06:00:00","guid":{"rendered":"http:\/\/vocesdebaires.com.ar\/wordpress\/index.php\/2019\/06\/25\/robaba-un-reloj-taximetro-y-fue-detenido\/"},"modified":"2019-06-25T03:00:00","modified_gmt":"2019-06-25T06:00:00","slug":"robaba-un-reloj-taximetro-y-fue-detenido","status":"publish","type":"post","link":"https:\/\/vocesdebaires.com.ar\/index.php\/2019\/06\/25\/robaba-un-reloj-taximetro-y-fue-detenido\/","title":{"rendered":"Robaba  un reloj tax\u00edmetro y fue detenido"},"content":{"rendered":"<p>Efectivos de la Comisaria Comunal 15 A de la Polic\u00eda de la Ciudad, se encontraban realizando tareas de despliegue territorial en la esquina de las calles Lavalle y Medrano, cuando observaron a un sujeto forzando el reloj tax\u00edmetro de un taxi que se encontraba estacionado en la v\u00eda publica.Al ver dicho accionar el personal de la fuerza policial porte\u00f1a dio la voz de alto y el ladr\u00f3n inici\u00f3 el escape a pie.<\/p>\n<p>Al llegar a la calle Salguero al 800, los oficiales visualizaron al hamp\u00f3n escondido en el interior de un contenedor por lo que procedieron a detenerlo. Se solicitaron dos testigos para realizarle la requisa, encontrando en el interior del contenedor el reloj tax\u00edmetro.Al realizar consulta con el Juzgado Correccional N\u00b0 41 a cargo de la Dra. Prov\u00edtola, \u00e9sta, dispuso el traslado del ladr\u00f3n a la alcaid\u00eda m\u00e1s cercana, imputado por &quot;tentativa de robo&quot;.<\/p>\n","protected":false},"excerpt":{"rendered":"<p>Efectivos de la Comisaria Comunal 15 A de la Polic\u00eda de la Ciudad, se encontraban realizando tareas de despliegue territorial en la esquina de las calles Lavalle y Medrano, cuando observaron a un sujeto forzando el reloj tax\u00edmetro de un taxi que se encontraba estacionado en la v\u00eda publica.Al ver dicho accionar el personal de [&hellip;]<\/p>\n","protected":false},"author":1,"featured_media":5041,"comment_status":"open","ping_status":"open","sticky":false,"template":"","format":"standard","meta":{"_et_pb_use_builder":"","_et_pb_old_content":"","_et_gb_content_width":"","footnotes":""},"categories":[11,32],"tags":[],"class_list":["post-5040","post","type-post","status-publish","format-standard","has-post-thumbnail","hentry","category-ciudad","category-comunas"],"_links":{"self":[{"href":"https:\/\/vocesdebaires.com.ar\/index.php\/wp-json\/wp\/v2\/posts\/5040"}],"collection":[{"href":"https:\/\/vocesdebaires.com.ar\/index.php\/wp-json\/wp\/v2\/posts"}],"about":[{"href":"https:\/\/vocesdebaires.com.ar\/index.php\/wp-json\/wp\/v2\/types\/post"}],"author":[{"embeddable":true,"href":"https:\/\/vocesdebaires.com.ar\/index.php\/wp-json\/wp\/v2\/users\/1"}],"replies":[{"embeddable":true,"href":"https:\/\/vocesdebaires.com.ar\/index.php\/wp-json\/wp\/v2\/comments?post=5040"}],"version-history":[{"count":0,"href":"https:\/\/vocesdebaires.com.ar\/index.php\/wp-json\/wp\/v2\/posts\/5040\/revisions"}],"wp:featuredmedia":[{"embeddable":true,"href":"https:\/\/vocesdebaires.com.ar\/index.php\/wp-json\/wp\/v2\/media\/5041"}],"wp:attachment":[{"href":"https:\/\/vocesdebaires.com.ar\/index.php\/wp-json\/wp\/v2\/media?parent=5040"}],"wp:term":[{"taxonomy":"category","embeddable":true,"href":"https:\/\/vocesdebaires.com.ar\/index.php\/wp-json\/wp\/v2\/categories?post=5040"},{"taxonomy":"post_tag","embeddable":true,"href":"https:\/\/vocesdebaires.com.ar\/index.php\/wp-json\/wp\/v2\/tags?post=5040"}],"curies":[{"name":"wp","href":"https:\/\/api.w.org\/{rel}","templated":true}]}}