{"id":5054,"date":"2019-06-24T03:00:00","date_gmt":"2019-06-24T06:00:00","guid":{"rendered":"http:\/\/vocesdebaires.com.ar\/wordpress\/index.php\/2019\/06\/24\/ciudad-vuelve-ciencias-del-deporte\/"},"modified":"2019-06-24T03:00:00","modified_gmt":"2019-06-24T06:00:00","slug":"ciudad-vuelve-ciencias-del-deporte","status":"publish","type":"post","link":"https:\/\/vocesdebaires.com.ar\/index.php\/2019\/06\/24\/ciudad-vuelve-ciencias-del-deporte\/","title":{"rendered":"Ciudad: Vuelve Ciencias del Deporte"},"content":{"rendered":"<p>En 2017 y 2018 los ciclos de Ciencias del Deporte fueron un verdadero \u00e9xito y este a\u00f1o, con una nueva y valiosa propuesta, promete repetir y hasta superar las ediciones anteriores. La primera jornada ser\u00e1 el viernes 28 de junio, de 9 a 17 horas, en el Auditorio de la Casa del Gobierno de la Ciudad (Uspallata 3160, Parque Patricios). \u00a1Ya est\u00e1 abierta la inscripci\u00f3n! Con el objetivo de fomentar el deporte, la actividad f\u00edsica y la alimentaci\u00f3n saludable para impulsar una mejor calidad de vida para toda la poblaci\u00f3n, Ciencias del Deporte reunir\u00e1 a m\u00e9dicos especialistas en medicina del deporte, sociedades cient\u00edficas de todas las especialidades m\u00e9dicas vinculadas al deporte, estudiantes de universidades de temas afines, asociaciones deportivas, deportistas profesionales y de alto rendimiento, profesores de educaci\u00f3n f\u00edsica, entrenadores y periodistas deportivos y especializados en temas de salud.Los interesados en participar tienen que inscribirse a trav\u00e9s del formulario indicado en esta publicaci\u00f3n. Los cupos son limitados y la entrada es gratuita. El ingreso ser\u00e1 en Uspallata 3160 y comenzar\u00e1 a las 8:30, por orden de llegada, hasta completar la capacidad del auditorio.<\/p><\/p>\n","protected":false},"excerpt":{"rendered":"<p>En 2017 y 2018 los ciclos de Ciencias del Deporte fueron un verdadero \u00e9xito y este a\u00f1o, con una nueva y valiosa propuesta, promete repetir y hasta superar las ediciones anteriores. La primera jornada ser\u00e1 el viernes 28 de junio, de 9 a 17 horas, en el Auditorio de la Casa del Gobierno de la [&hellip;]<\/p>\n","protected":false},"author":1,"featured_media":5055,"comment_status":"open","ping_status":"open","sticky":false,"template":"","format":"standard","meta":{"_et_pb_use_builder":"","_et_pb_old_content":"","_et_gb_content_width":"","footnotes":""},"categories":[11,32],"tags":[],"class_list":["post-5054","post","type-post","status-publish","format-standard","has-post-thumbnail","hentry","category-ciudad","category-comunas"],"_links":{"self":[{"href":"https:\/\/vocesdebaires.com.ar\/index.php\/wp-json\/wp\/v2\/posts\/5054"}],"collection":[{"href":"https:\/\/vocesdebaires.com.ar\/index.php\/wp-json\/wp\/v2\/posts"}],"about":[{"href":"https:\/\/vocesdebaires.com.ar\/index.php\/wp-json\/wp\/v2\/types\/post"}],"author":[{"embeddable":true,"href":"https:\/\/vocesdebaires.com.ar\/index.php\/wp-json\/wp\/v2\/users\/1"}],"replies":[{"embeddable":true,"href":"https:\/\/vocesdebaires.com.ar\/index.php\/wp-json\/wp\/v2\/comments?post=5054"}],"version-history":[{"count":0,"href":"https:\/\/vocesdebaires.com.ar\/index.php\/wp-json\/wp\/v2\/posts\/5054\/revisions"}],"wp:featuredmedia":[{"embeddable":true,"href":"https:\/\/vocesdebaires.com.ar\/index.php\/wp-json\/wp\/v2\/media\/5055"}],"wp:attachment":[{"href":"https:\/\/vocesdebaires.com.ar\/index.php\/wp-json\/wp\/v2\/media?parent=5054"}],"wp:term":[{"taxonomy":"category","embeddable":true,"href":"https:\/\/vocesdebaires.com.ar\/index.php\/wp-json\/wp\/v2\/categories?post=5054"},{"taxonomy":"post_tag","embeddable":true,"href":"https:\/\/vocesdebaires.com.ar\/index.php\/wp-json\/wp\/v2\/tags?post=5054"}],"curies":[{"name":"wp","href":"https:\/\/api.w.org\/{rel}","templated":true}]}}