{"id":5070,"date":"2019-06-21T03:00:00","date_gmt":"2019-06-21T06:00:00","guid":{"rendered":"http:\/\/vocesdebaires.com.ar\/wordpress\/index.php\/2019\/06\/21\/uba-y-ciudad-construiran-dos-nuevos-edificios\/"},"modified":"2019-06-21T03:00:00","modified_gmt":"2019-06-21T06:00:00","slug":"uba-y-ciudad-construiran-dos-nuevos-edificios","status":"publish","type":"post","link":"https:\/\/vocesdebaires.com.ar\/index.php\/2019\/06\/21\/uba-y-ciudad-construiran-dos-nuevos-edificios\/","title":{"rendered":"UBA y Ciudad construir\u00e1n dos nuevos edificios"},"content":{"rendered":"<p>La Universidad de Buenos Aires (UBA) se sumar\u00e1 al Parque de la Innovaci\u00f3n, seg\u00fan anunciaron hoy el jefe de Gobierno porte\u00f1o, Horacio Rodr\u00edguez Larreta, y el rector de la UBA, Alberto Barbieri.\u201cEs un orgullo que la UBA, la mejor universidad de Am\u00e9rica Latina y una de las 100 mejores del mundo, se sume a esta iniciativa. Este nuevo espacio va a reunir a los mejores investigadores del pa\u00eds y har\u00e1 del Parque de la Innovaci\u00f3n un verdadero im\u00e1n de talento\u201d, afirm\u00f3 Rodr\u00edguez Larreta.El acuerdo establece la construcci\u00f3n de dos nuevos edificios en los terrenos del Parque de la Innovaci\u00f3n, que albergar\u00e1 seis institutos de investigaci\u00f3n de la universidad.<\/p>\n<p>&quot;Entre nuestras funciones est\u00e1 el de formar profesionales, producir saber cient\u00edfico y tecnol\u00f3gico. Toda esta labor se nutre de trabajos en conjunto como \u00e9ste, en el que la ciencia y la tecnolog\u00eda son de suma importancia para el futuro del pa\u00eds. La UBA dispondr\u00e1 de un importante espacio para que institutos de investigaci\u00f3n puedan desarrollar su labor y esperamos que el Parque de la Innovaci\u00f3n, con todas las mejoras en infraestructura que presentamos aqu\u00ed hoy, sea un espacio de crecimiento y aprendizaje continuo, y que aliente a cada vez m\u00e1s personas a comprometerse en investigaci\u00f3n, ciencia y tecnolog\u00eda\u201d, indic\u00f3 Barbieri. &quot;Buenos Aires es uno de los principales hubs de talento global. El trabajo conjunto de la Ciudad con la UBA y otras universidades potencia nuestra principal ventaja, que es el capital humano\u201d, se\u00f1al\u00f3 Fernando Straface, Secretario General y de Relaciones Internacionales de la Ciudad.<\/p>\n<p>Nuevas conexiones y servicios para Ciudad Universitaria<\/p>\n<p>El convenio tambi\u00e9n establece mejoras en la accesibilidad y los servicios en Ciudad Universitaria. Para eso, se ensanchar\u00e1 el Puente Labruna y se habilitar\u00e1 una nueva v\u00eda para peatones y ciclov\u00edas que permitir\u00e1 acceder desde el Parque de la Innovaci\u00f3n a Ciudad Universitaria, beneficiando a 30.000 estudiantes y docentes que transitan a diario la zona. &quot;Trabajamos para lograr una Ciudad cada vez m\u00e1s conectada, y este convenio nos permite avanzar en este objetivo\u201d, se\u00f1al\u00f3 Franco Moccia, ministro de Desarrollo Urbano y Transporte porte\u00f1o. Adem\u00e1s, se sumar\u00e1 un \u00e1rea de servicios y gastronom\u00eda en el terreno ubicado dentro de la traza del Puente Labruna, propiedad de la UBA, a trav\u00e9s de la cual la universidad financiar\u00e1 la construcci\u00f3n del Pabell\u00f3n 5 en Ciudad Universitaria y generar\u00e1 2.000 nuevas becas para los estudiantes.<\/p>\n<p>Este convenio se suma a las medidas que lleva adelante el Gobierno porte\u00f1o para impulsar el desarrollo de los estudiantes en la Ciudad y las mejoras en los entornos universitarios, como la inauguraci\u00f3n de la estaci\u00f3n Facultad de Derecho de la L\u00ednea H, las nuevas estaciones de Ecobici en Ciudad Universitaria, las obras del Campus Urbano en Plaza Houssay, pr\u00f3ximas a inaugurarse, y la construcci\u00f3n del nuevo polideportivo para el Colegio Nacional Buenos Aires en Puerto Madero .Del anuncio tambi\u00e9n participaron la ministra de Educaci\u00f3n e Innovaci\u00f3n de la Ciudad, Soledad Acu\u00f1a, junto a decanos y autoridades de la Universidad de Buenos Aires; el ministro de Gobierno, Bruno Screnci; el secretario de Transporte, Juan Jos\u00e9 Mendez; y el presidente de Autopistas Urbanas S.A, Carlos Frugoni.<\/p>\n","protected":false},"excerpt":{"rendered":"<p>La Universidad de Buenos Aires (UBA) se sumar\u00e1 al Parque de la Innovaci\u00f3n, seg\u00fan anunciaron hoy el jefe de Gobierno porte\u00f1o, Horacio Rodr\u00edguez Larreta, y el rector de la UBA, Alberto Barbieri.\u201cEs un orgullo que la UBA, la mejor universidad de Am\u00e9rica Latina y una de las 100 mejores del mundo, se sume a esta [&hellip;]<\/p>\n","protected":false},"author":1,"featured_media":5071,"comment_status":"open","ping_status":"open","sticky":false,"template":"","format":"standard","meta":{"_et_pb_use_builder":"","_et_pb_old_content":"","_et_gb_content_width":"","footnotes":""},"categories":[11,32],"tags":[],"class_list":["post-5070","post","type-post","status-publish","format-standard","has-post-thumbnail","hentry","category-ciudad","category-comunas"],"_links":{"self":[{"href":"https:\/\/vocesdebaires.com.ar\/index.php\/wp-json\/wp\/v2\/posts\/5070"}],"collection":[{"href":"https:\/\/vocesdebaires.com.ar\/index.php\/wp-json\/wp\/v2\/posts"}],"about":[{"href":"https:\/\/vocesdebaires.com.ar\/index.php\/wp-json\/wp\/v2\/types\/post"}],"author":[{"embeddable":true,"href":"https:\/\/vocesdebaires.com.ar\/index.php\/wp-json\/wp\/v2\/users\/1"}],"replies":[{"embeddable":true,"href":"https:\/\/vocesdebaires.com.ar\/index.php\/wp-json\/wp\/v2\/comments?post=5070"}],"version-history":[{"count":0,"href":"https:\/\/vocesdebaires.com.ar\/index.php\/wp-json\/wp\/v2\/posts\/5070\/revisions"}],"wp:featuredmedia":[{"embeddable":true,"href":"https:\/\/vocesdebaires.com.ar\/index.php\/wp-json\/wp\/v2\/media\/5071"}],"wp:attachment":[{"href":"https:\/\/vocesdebaires.com.ar\/index.php\/wp-json\/wp\/v2\/media?parent=5070"}],"wp:term":[{"taxonomy":"category","embeddable":true,"href":"https:\/\/vocesdebaires.com.ar\/index.php\/wp-json\/wp\/v2\/categories?post=5070"},{"taxonomy":"post_tag","embeddable":true,"href":"https:\/\/vocesdebaires.com.ar\/index.php\/wp-json\/wp\/v2\/tags?post=5070"}],"curies":[{"name":"wp","href":"https:\/\/api.w.org\/{rel}","templated":true}]}}