{"id":5072,"date":"2019-06-21T03:00:00","date_gmt":"2019-06-21T06:00:00","guid":{"rendered":"http:\/\/vocesdebaires.com.ar\/wordpress\/index.php\/2019\/06\/21\/monumentos-iluminado-de-celeste-y-blanco\/"},"modified":"2019-06-21T03:00:00","modified_gmt":"2019-06-21T06:00:00","slug":"monumentos-iluminado-de-celeste-y-blanco","status":"publish","type":"post","link":"https:\/\/vocesdebaires.com.ar\/index.php\/2019\/06\/21\/monumentos-iluminado-de-celeste-y-blanco\/","title":{"rendered":"Monumentos iluminado de celeste y blanco"},"content":{"rendered":"<p>El Ministerio de Ambiente y Espacio P\u00fablico de la Ciudad ilumin\u00f3 hoy jueves 20 once emblemas porte\u00f1os, en el marco del D\u00eda de la Bandera.\u201cEn un nuevo aniversario del fallecimiento del creador de nuestra bandera, Manuel Belgrano, lo recordamos y homenajeamos iluminando con los colores patrios diferentes monumentos y edificios p\u00fablicos de la Ciudad\u201d, expres\u00f3 Eduardo Macchiavelli, ministro de Ambiente y Espacio P\u00fablico.\u00a0 Durante la jornada\u00a0 los monumentos y edificios p\u00fablicos que se iluminar\u00e1n ser\u00e1n el Obelisco,\u00a0 la Pir\u00e1mide de Mayo, El Cabildo, el Monumento a los Dos Congresos, la Torre Monumental, el Palacio Lezama, el\u00a0 Puente de la Mujer, la\u00a0 Usina del Arte, la Floralis, el Planetario y la Facultad de Ingenier\u00eda.<\/p>\n<p>D\u00eda de la Bandera<br \/>Se conmemora cada a\u00f1o en Argentina el 20 de junio. Esta fecha est\u00e1 dedicada a la bandera argentina y a la conmemoraci\u00f3n de su creador, Manuel Belgrano, fallecido en ese d\u00eda de 1820. La bandera fue izada por primera vez el 27 de febrero de 1812, durante la gesta por la Independencia de las provincias Unidas del R\u00edo de la Plata.<\/p>\n","protected":false},"excerpt":{"rendered":"<p>El Ministerio de Ambiente y Espacio P\u00fablico de la Ciudad ilumin\u00f3 hoy jueves 20 once emblemas porte\u00f1os, en el marco del D\u00eda de la Bandera.\u201cEn un nuevo aniversario del fallecimiento del creador de nuestra bandera, Manuel Belgrano, lo recordamos y homenajeamos iluminando con los colores patrios diferentes monumentos y edificios p\u00fablicos de la Ciudad\u201d, expres\u00f3 [&hellip;]<\/p>\n","protected":false},"author":1,"featured_media":5073,"comment_status":"open","ping_status":"open","sticky":false,"template":"","format":"standard","meta":{"_et_pb_use_builder":"","_et_pb_old_content":"","_et_gb_content_width":"","footnotes":""},"categories":[11,32],"tags":[],"class_list":["post-5072","post","type-post","status-publish","format-standard","has-post-thumbnail","hentry","category-ciudad","category-comunas"],"_links":{"self":[{"href":"https:\/\/vocesdebaires.com.ar\/index.php\/wp-json\/wp\/v2\/posts\/5072"}],"collection":[{"href":"https:\/\/vocesdebaires.com.ar\/index.php\/wp-json\/wp\/v2\/posts"}],"about":[{"href":"https:\/\/vocesdebaires.com.ar\/index.php\/wp-json\/wp\/v2\/types\/post"}],"author":[{"embeddable":true,"href":"https:\/\/vocesdebaires.com.ar\/index.php\/wp-json\/wp\/v2\/users\/1"}],"replies":[{"embeddable":true,"href":"https:\/\/vocesdebaires.com.ar\/index.php\/wp-json\/wp\/v2\/comments?post=5072"}],"version-history":[{"count":0,"href":"https:\/\/vocesdebaires.com.ar\/index.php\/wp-json\/wp\/v2\/posts\/5072\/revisions"}],"wp:featuredmedia":[{"embeddable":true,"href":"https:\/\/vocesdebaires.com.ar\/index.php\/wp-json\/wp\/v2\/media\/5073"}],"wp:attachment":[{"href":"https:\/\/vocesdebaires.com.ar\/index.php\/wp-json\/wp\/v2\/media?parent=5072"}],"wp:term":[{"taxonomy":"category","embeddable":true,"href":"https:\/\/vocesdebaires.com.ar\/index.php\/wp-json\/wp\/v2\/categories?post=5072"},{"taxonomy":"post_tag","embeddable":true,"href":"https:\/\/vocesdebaires.com.ar\/index.php\/wp-json\/wp\/v2\/tags?post=5072"}],"curies":[{"name":"wp","href":"https:\/\/api.w.org\/{rel}","templated":true}]}}