{"id":5076,"date":"2019-06-21T03:00:00","date_gmt":"2019-06-21T06:00:00","guid":{"rendered":"http:\/\/vocesdebaires.com.ar\/wordpress\/index.php\/2019\/06\/21\/argentino-holandacamara-de-comercio\/"},"modified":"2019-06-21T03:00:00","modified_gmt":"2019-06-21T06:00:00","slug":"argentino-holandacamara-de-comercio","status":"publish","type":"post","link":"https:\/\/vocesdebaires.com.ar\/index.php\/2019\/06\/21\/argentino-holandacamara-de-comercio\/","title":{"rendered":"Argentino Holanda:C\u00e1mara de Comercio"},"content":{"rendered":"<p>El centenario de la C\u00e1mara de Comercio Argentino-Holandesa (CCAH) fue celebrado en el Sal\u00f3n Dorado. El Legislador Jian Ping Yuan (VJ), anfitri\u00f3n y organizador del homenaje, destac\u00f3 \u201cla valiosa tarea que realiza, incentivando la inversi\u00f3n entre Argentina y Holanda\u201d y destac\u00f3 que el pa\u00eds \u201ctiene super\u00e1vit comercial\u201d con este Reino de Europa.Roel Nieuwenkamp, embajador de los Pa\u00edses Bajos, record\u00f3 que en 1919 Buenos Aires florec\u00eda con su Puerto Nuevo\u00a0 y era un faro del comercio en Am\u00e9rica del Sur, donde los holandeses estaban muy interesados. Diego Cesar Bunge, presidente de la CCAH, se mostr\u00f3 feliz ya que \u201clo que estamos festejando son los primeros cien a\u00f1os\u201d y destac\u00f3 que siempre han impulsado la cooperaci\u00f3n p\u00fablico privada.<\/p>\n<p>Iliana Mazzoccone,\u00a0 gerente de la CCAH, destac\u00f3 que su instituci\u00f3n \u201cmantiene actualizado a todos sus socios, todo lo referente con el comercio\u201d y brinda informaci\u00f3n y formaci\u00f3n sobre importaci\u00f3n, exportaci\u00f3n e inversi\u00f3n. En la actualidad, cerca de cien compa\u00f1\u00edas forman parte de la CCAH, tanto de capitales holandeses como argentinos, entre ellos: Amicorp Argentina, AOMB, Bejo Semillas Argentina S.A., Business Gateway South Am\u00e9rica, Business Gateway South Am\u00e9rica, Ciale Alta, Compa\u00f1\u00eda Comercial Peltenburg S.A., Control Internacional S.A., Cooperatieve Rabobank UA-Oficina de Representaci\u00f3n., CUI, Dinale, Dutch Starches International S.A., DSM Nutritional Products S.A., Energyst Rental Solutions Argentina S.A, Ernst &amp; Young S.A., Estudio Vila, EuroAmerica Group S.A.,<\/p>\n<p>Exporta de S.A., FTE Argentina S.R.L., Groatec S.A., CCU \/ Heineken, Hermes Coach, Hoogwegt Latinoam\u00e9rica S.A.S., Info LANL, ING Bank, INVAP, INCO Business Group, Internship BA, K.P.M.G. &#8211; Sibille Soc. Civil, Labs Relocation Services SRL, Marval &amp; O\u00b4Farrell, Marval &amp; O\u00b4Farrell, Maxinta SACTyB, Mediamonks, MOP Travel, SHELL, Philips Argentina S.A., Philips Lighting , Randstad, Raypac S.R.L., Salentein Argentina B.V., Sanirap, Seal &amp; Cia., Steinweg Handelsveem (Argentina) S.A., Supercemento S.A.I.C, Supermercados Mayoristas MAKRO S.A., Synthon-Bag\u00f3, Taurus Parque Austral S.R.L., Unilever de Argentina S.A., VAN OORD DREDGING Y CONTRATISTAS MARINOS , Yacht Club Puerto Madero S.A., Food Connection, ING, Air France &#8211; KLM, Air France &#8211; KLM, Akzo Nobel Argentina S.A.<br \/>Al acto asistieron el embajador de B\u00e9lgica, Peter Maddens, la de la Uni\u00f3n Europea, Aude Maio Coliche, el representante argentino de la Organizaci\u00f3n para la Cooperaci\u00f3n y el Desarrollo Econ\u00f3mico, Marcelo Scaglione, entre pol\u00edticos, empresarios y socios de la CCAH, que fue fundada por el emisario holand\u00e9s D\u00b4Artillac Bril.<\/p>\n","protected":false},"excerpt":{"rendered":"<p>El centenario de la C\u00e1mara de Comercio Argentino-Holandesa (CCAH) fue celebrado en el Sal\u00f3n Dorado. El Legislador Jian Ping Yuan (VJ), anfitri\u00f3n y organizador del homenaje, destac\u00f3 \u201cla valiosa tarea que realiza, incentivando la inversi\u00f3n entre Argentina y Holanda\u201d y destac\u00f3 que el pa\u00eds \u201ctiene super\u00e1vit comercial\u201d con este Reino de Europa.Roel Nieuwenkamp, embajador de [&hellip;]<\/p>\n","protected":false},"author":1,"featured_media":5077,"comment_status":"open","ping_status":"open","sticky":false,"template":"","format":"standard","meta":{"_et_pb_use_builder":"","_et_pb_old_content":"","_et_gb_content_width":"","footnotes":""},"categories":[11,33],"tags":[],"class_list":["post-5076","post","type-post","status-publish","format-standard","has-post-thumbnail","hentry","category-ciudad","category-sociedad-y-cultura-2"],"_links":{"self":[{"href":"https:\/\/vocesdebaires.com.ar\/index.php\/wp-json\/wp\/v2\/posts\/5076"}],"collection":[{"href":"https:\/\/vocesdebaires.com.ar\/index.php\/wp-json\/wp\/v2\/posts"}],"about":[{"href":"https:\/\/vocesdebaires.com.ar\/index.php\/wp-json\/wp\/v2\/types\/post"}],"author":[{"embeddable":true,"href":"https:\/\/vocesdebaires.com.ar\/index.php\/wp-json\/wp\/v2\/users\/1"}],"replies":[{"embeddable":true,"href":"https:\/\/vocesdebaires.com.ar\/index.php\/wp-json\/wp\/v2\/comments?post=5076"}],"version-history":[{"count":0,"href":"https:\/\/vocesdebaires.com.ar\/index.php\/wp-json\/wp\/v2\/posts\/5076\/revisions"}],"wp:featuredmedia":[{"embeddable":true,"href":"https:\/\/vocesdebaires.com.ar\/index.php\/wp-json\/wp\/v2\/media\/5077"}],"wp:attachment":[{"href":"https:\/\/vocesdebaires.com.ar\/index.php\/wp-json\/wp\/v2\/media?parent=5076"}],"wp:term":[{"taxonomy":"category","embeddable":true,"href":"https:\/\/vocesdebaires.com.ar\/index.php\/wp-json\/wp\/v2\/categories?post=5076"},{"taxonomy":"post_tag","embeddable":true,"href":"https:\/\/vocesdebaires.com.ar\/index.php\/wp-json\/wp\/v2\/tags?post=5076"}],"curies":[{"name":"wp","href":"https:\/\/api.w.org\/{rel}","templated":true}]}}