{"id":5084,"date":"2019-06-20T03:20:04","date_gmt":"2019-06-20T06:20:04","guid":{"rendered":"http:\/\/vocesdebaires.com.ar\/wordpress\/index.php\/2019\/06\/20\/carcel-excaseros-puesta-en-valor-del-predio\/"},"modified":"2019-06-20T03:20:04","modified_gmt":"2019-06-20T06:20:04","slug":"carcel-excaseros-puesta-en-valor-del-predio","status":"publish","type":"post","link":"https:\/\/vocesdebaires.com.ar\/index.php\/2019\/06\/20\/carcel-excaseros-puesta-en-valor-del-predio\/","title":{"rendered":"C\u00e1rcel ExCaseros: Puesta en valor del predio"},"content":{"rendered":"<p>Se puso en tratamiento un proyecto de ley que tiene por objeto autorizar al Poder Ejecutivo, a trav\u00e9s del Ministerio de Econom\u00eda y Finanzas, a contraer uno o m\u00e1s empr\u00e9stitos p\u00fablicos con el Fondo Fiduciario Federal de Infraestructura Regional -FFFIR-, Bancos de Desarrollo, Organismos Multilaterales de Cr\u00e9dito, Instituciones Financieras de Fomento de las Exportaciones, Instituciones Financieras Bilaterales de Desarrollo o cualquier otra instituci\u00f3n financiera local o internacional; o a emitir t\u00edtulos de deuda p\u00fablica en el marco del Programa de Financiamiento en el Mercado Local, regulado por la Ley N\u00b0 4.315, sus modificatorias y complementarias, por un monto m\u00e1ximo de hasta 72 millones de d\u00f3lares o su equivalente en pesos, otra u otras monedas.<\/p>\n<p>El destino de las operaciones de cr\u00e9dito p\u00fablico ser\u00e1 el desarrollo de un edificio gubernamental mediante la refuncionalizaci\u00f3n, ampliaci\u00f3n, construcci\u00f3n y puesta en valor del predio en el que funcionaba la ex c\u00e1rcel de Caseros (barrio Parque Patricios) y el financiamiento del plan de relocalizaciones, cuyo prop\u00f3sito ser\u00e1 el traslado de las dependencias del Ministerio de Econom\u00eda y Finanzas de la Ciudad y la nueva sede de la Administraci\u00f3n General de Ingresos P\u00fablicos -AGIP-. Las obras se llevar\u00e1n a cabo en la manzana comprendida entre las calles Pichincha, Pasco, Caseros y futura prolongaci\u00f3n de la calle Rondeau, en un plazo de 26 meses. Concurrieron a la reuni\u00f3n informativa de la Comisi\u00f3n de Presupuesto los integrantes del Ministerio de Desarrollo Urbano y Transporte de la Ciudad, Marcelo Palacios y \u00c1lvaro Garc\u00eda Resta, y del Ministerio de Econom\u00eda y Finanzas, Abel Fern\u00e1ndez y Juan Manuel Franchi. Explicaron los lineamientos del proyecto y respondieron las consultas de los legisladores.<\/p>\n<p>&quot;Este proyecto atiende al objetivo de desarrollo de zonas postergadas de la Ciudad. A trav\u00e9s del mismo se procura revitalizar el \u00e1rea, al mismo tiempo que ayuda a descongestionar la zona c\u00e9ntrica de la Ciudad y eficientizar la gesti\u00f3n edilicia, como el funcionamiento de los organismos de gobierno. Conforme al Plan de Relocalizaciones, las acciones se orientan hacia la centralizaci\u00f3n administrativa del gobierno, que comprende el dise\u00f1o de las oficinas y apoyos complementarios, el equipamiento, la mudanza y los lineamientos de operaci\u00f3n y mantenimiento del inmueble&quot;, seg\u00fan sostienen los fundamentos de la iniciativa presentada por el Jefe de Gobierno, Horacio Rodr\u00edguez Larreta.La legisladora y presidente de la Comisi\u00f3n de Presupuesto Paula Villalba (VJ) encabez\u00f3 el encuentro del que tambi\u00e9n participaron los legisladores Francisco Quintana, Daniel Presti, Christian Bauab, Paola Michielotto, Jos\u00e9 Luis Acevedo, Claudio Cingolani, L\u00eda Rueda y Claudio Romero (VJ).<\/p>\n","protected":false},"excerpt":{"rendered":"<p>Se puso en tratamiento un proyecto de ley que tiene por objeto autorizar al Poder Ejecutivo, a trav\u00e9s del Ministerio de Econom\u00eda y Finanzas, a contraer uno o m\u00e1s empr\u00e9stitos p\u00fablicos con el Fondo Fiduciario Federal de Infraestructura Regional -FFFIR-, Bancos de Desarrollo, Organismos Multilaterales de Cr\u00e9dito, Instituciones Financieras de Fomento de las Exportaciones, Instituciones [&hellip;]<\/p>\n","protected":false},"author":1,"featured_media":5085,"comment_status":"open","ping_status":"open","sticky":false,"template":"","format":"standard","meta":{"_et_pb_use_builder":"","_et_pb_old_content":"","_et_gb_content_width":"","footnotes":""},"categories":[11,32],"tags":[],"class_list":["post-5084","post","type-post","status-publish","format-standard","has-post-thumbnail","hentry","category-ciudad","category-comunas"],"_links":{"self":[{"href":"https:\/\/vocesdebaires.com.ar\/index.php\/wp-json\/wp\/v2\/posts\/5084"}],"collection":[{"href":"https:\/\/vocesdebaires.com.ar\/index.php\/wp-json\/wp\/v2\/posts"}],"about":[{"href":"https:\/\/vocesdebaires.com.ar\/index.php\/wp-json\/wp\/v2\/types\/post"}],"author":[{"embeddable":true,"href":"https:\/\/vocesdebaires.com.ar\/index.php\/wp-json\/wp\/v2\/users\/1"}],"replies":[{"embeddable":true,"href":"https:\/\/vocesdebaires.com.ar\/index.php\/wp-json\/wp\/v2\/comments?post=5084"}],"version-history":[{"count":0,"href":"https:\/\/vocesdebaires.com.ar\/index.php\/wp-json\/wp\/v2\/posts\/5084\/revisions"}],"wp:featuredmedia":[{"embeddable":true,"href":"https:\/\/vocesdebaires.com.ar\/index.php\/wp-json\/wp\/v2\/media\/5085"}],"wp:attachment":[{"href":"https:\/\/vocesdebaires.com.ar\/index.php\/wp-json\/wp\/v2\/media?parent=5084"}],"wp:term":[{"taxonomy":"category","embeddable":true,"href":"https:\/\/vocesdebaires.com.ar\/index.php\/wp-json\/wp\/v2\/categories?post=5084"},{"taxonomy":"post_tag","embeddable":true,"href":"https:\/\/vocesdebaires.com.ar\/index.php\/wp-json\/wp\/v2\/tags?post=5084"}],"curies":[{"name":"wp","href":"https:\/\/api.w.org\/{rel}","templated":true}]}}