{"id":5090,"date":"2019-06-20T03:00:00","date_gmt":"2019-06-20T06:00:00","guid":{"rendered":"http:\/\/vocesdebaires.com.ar\/wordpress\/index.php\/2019\/06\/20\/juzgado-y-tributario-n-15-avisa-convocatoria\/"},"modified":"2019-06-20T03:00:00","modified_gmt":"2019-06-20T06:00:00","slug":"juzgado-y-tributario-n-15-avisa-convocatoria","status":"publish","type":"post","link":"https:\/\/vocesdebaires.com.ar\/index.php\/2019\/06\/20\/juzgado-y-tributario-n-15-avisa-convocatoria\/","title":{"rendered":"Juzgado y Tributario N\u00b0 15, avisa convocatoria"},"content":{"rendered":"<p>\u201cEn el marco de la ejecuci\u00f3n de sentencia dictada en el amparo colectivo caratulado: \u2018B\u00e1rbaro N\u00e9stor Omar y otros contra GCBA sobre amparo (art. 14 CCABA)\u2019 Exp. 39405\/2010-0, la Secretar\u00eda de Transporte, junto a la Direcci\u00f3n General de Comunicaci\u00f3n Participativa, han previsto la realizaci\u00f3n de una reuni\u00f3n de co-creaci\u00f3n con los vecinos del barrio de Liniers Norte a desarrollarse el d\u00eda 27 de junio del corriente, desde las 18 horas hasta las 20 horas, en el Colegio de las Nieves, ubicado en la calle Ventura Bosch n.\u00b0 6662, de esta ciudad, con el objetivo principal de generar la participaci\u00f3n activa de los asistentes y aumentar el nivel de informaci\u00f3n de los mismos en la tem\u00e1tica del impacto ambiental de la zona delimitada: al Norte, la traza de la Avenida Juan B. Justo; al Oeste por la Avenida General\u00a0 Paz; al Sur por las v\u00edas del Ferrocarril Sarmiento y la Estaci\u00f3n Liniers del ferrocarril, y al Este sin que exista calles entre ellos, por las ex instalaciones del molino harinero PRO.VI.TA., los ex talleres del ferrocarril y el Estadio V\u00e9lez Sarsfield; dejando constancia que la convocatoria ser\u00e1 abierta a la comunidad, sin cupo m\u00e1ximo de asistentes\u201d.<\/p>\n","protected":false},"excerpt":{"rendered":"<p>\u201cEn el marco de la ejecuci\u00f3n de sentencia dictada en el amparo colectivo caratulado: \u2018B\u00e1rbaro N\u00e9stor Omar y otros contra GCBA sobre amparo (art. 14 CCABA)\u2019 Exp. 39405\/2010-0, la Secretar\u00eda de Transporte, junto a la Direcci\u00f3n General de Comunicaci\u00f3n Participativa, han previsto la realizaci\u00f3n de una reuni\u00f3n de co-creaci\u00f3n con los vecinos del barrio de [&hellip;]<\/p>\n","protected":false},"author":1,"featured_media":5091,"comment_status":"open","ping_status":"open","sticky":false,"template":"","format":"standard","meta":{"_et_pb_use_builder":"","_et_pb_old_content":"","_et_gb_content_width":"","footnotes":""},"categories":[11,32],"tags":[],"class_list":["post-5090","post","type-post","status-publish","format-standard","has-post-thumbnail","hentry","category-ciudad","category-comunas"],"_links":{"self":[{"href":"https:\/\/vocesdebaires.com.ar\/index.php\/wp-json\/wp\/v2\/posts\/5090"}],"collection":[{"href":"https:\/\/vocesdebaires.com.ar\/index.php\/wp-json\/wp\/v2\/posts"}],"about":[{"href":"https:\/\/vocesdebaires.com.ar\/index.php\/wp-json\/wp\/v2\/types\/post"}],"author":[{"embeddable":true,"href":"https:\/\/vocesdebaires.com.ar\/index.php\/wp-json\/wp\/v2\/users\/1"}],"replies":[{"embeddable":true,"href":"https:\/\/vocesdebaires.com.ar\/index.php\/wp-json\/wp\/v2\/comments?post=5090"}],"version-history":[{"count":0,"href":"https:\/\/vocesdebaires.com.ar\/index.php\/wp-json\/wp\/v2\/posts\/5090\/revisions"}],"wp:featuredmedia":[{"embeddable":true,"href":"https:\/\/vocesdebaires.com.ar\/index.php\/wp-json\/wp\/v2\/media\/5091"}],"wp:attachment":[{"href":"https:\/\/vocesdebaires.com.ar\/index.php\/wp-json\/wp\/v2\/media?parent=5090"}],"wp:term":[{"taxonomy":"category","embeddable":true,"href":"https:\/\/vocesdebaires.com.ar\/index.php\/wp-json\/wp\/v2\/categories?post=5090"},{"taxonomy":"post_tag","embeddable":true,"href":"https:\/\/vocesdebaires.com.ar\/index.php\/wp-json\/wp\/v2\/tags?post=5090"}],"curies":[{"name":"wp","href":"https:\/\/api.w.org\/{rel}","templated":true}]}}