{"id":5094,"date":"2019-06-19T03:17:03","date_gmt":"2019-06-19T06:17:03","guid":{"rendered":"http:\/\/vocesdebaires.com.ar\/wordpress\/index.php\/2019\/06\/19\/ciudad-inauguro-el-parque-de-la-estacion\/"},"modified":"2019-06-19T03:17:03","modified_gmt":"2019-06-19T06:17:03","slug":"ciudad-inauguro-el-parque-de-la-estacion","status":"publish","type":"post","link":"https:\/\/vocesdebaires.com.ar\/index.php\/2019\/06\/19\/ciudad-inauguro-el-parque-de-la-estacion\/","title":{"rendered":"Ciudad inaugur\u00f3 el Parque de la Estaci\u00f3n"},"content":{"rendered":"<p>El jefe de Gobierno porte\u00f1o, Horacio Rodr\u00edguez Larreta, inaugur\u00f3 el pasado viernes el Parque de la Estaci\u00f3n en Balvanera, que le suma 14.117 metros cuadrados de espacio p\u00fablico y verde a la Ciudad de Buenos Aires. \u201cNo hay nada m\u00e1s lindo en nuestro trabajo que cuando inauguramos un espacio como \u00e9ste, que es la combinaci\u00f3n de un espacio verde nuevo para la Ciudad, que ya una parte estaba funcionando y se termin\u00f3 de completar\u201d, expres\u00f3 Rodr\u00edguez Larreta.El Jefe de Gobierno destac\u00f3 que \u201ceste proyecto surgi\u00f3 del acuerdo de pr\u00e1cticamente todos los bloques en la Legislatura, lo que se llama una pol\u00edtica de estado\u201d.Tambi\u00e9n remarc\u00f3 \u201cla combinaci\u00f3n del espacio verde con este espacio cultural\u201d, donde \u201cchicos de todas las escuelas de la zona van a venir para hacer gimnasia\u201d y tambi\u00e9n podr\u00e1n usar la biblioteca y conocer la huerta.<\/p>\n<p>\u201cTodos los valores que queremos promover est\u00e1n sintetizados en este lind\u00edsimo lugar que estamos inaugurando\u201d, sostuvo Rodr\u00edguez Larreta, acompa\u00f1ado por el vicejefe de Gobierno y ministro de Justicia y Seguridad, Diego Santilli; el jefe de Gabinete, Felipe Miguel; el ministro de Desarrollo Urbano y Transporte, Franco Moccia, y el ministro de Cultura, Enrique Avogadro. Por \u00faltimo, el Jefe de Gobierno felicit\u00f3 \u201ca la Legislatura, al equipo de Gobierno que llev\u00f3 esto adelante\u201d e hizo una especial menci\u00f3n a los vecinos que participaron del proyecto, ya que \u201cmuchas de las cosas que van a suceder ac\u00e1 fueron propuestas e ideas que los vecinos nos acercaron\u201d.<\/p>\n<p>Por su parte, Moccia dijo que la inauguraci\u00f3n de este parque era un &quot;sue\u00f1o de los vecinos del barrio que tiene d\u00e9cadas y gracias al trabajo en conjunto de vecinos y legisladores de todos los partidos, pudimos resolver cuando el Gobierno nacional a principios de 2016 nos dio estos terrenos que estaban ocupados y que eran un no lugar, un lugar donde la gente no se animaba a caminar, donde era muy oscuro de noche. Hoy los vecinos de las comunas 3 y 5 tienen un espacio p\u00fablico de primer nivel&quot;. El ministro afirm\u00f3 adem\u00e1s que \u201cel espacio p\u00fablico es el lugar que construye ciudadan\u00eda, donde todos somos iguales\u201d y agreg\u00f3: \u201cComo dec\u00eda Sarmiento, no hay ni patricios ni plebeyos, ni nacionales ni extranjeros. Estamos todos juntos construyendo ciudadan\u00eda, disfrutando de esta hermosa ciudad\u201d. La Direcci\u00f3n General de Antropolog\u00eda Urbana de la Subsecretar\u00eda de Proyectos de la Ciudad realiz\u00f3 una investigaci\u00f3n territorial para conocer las preocupaciones de los vecinos de las comunas 3 y 5. Un 92% consider\u00f3 importante tener un espacio verde cerca y un 77% crey\u00f3 que hab\u00eda que mejorar la oferta de parques en el barrio.<\/p>\n<p>Por eso, se trabaj\u00f3 para atender sus principales preocupaciones y sugerencias: aumentar la cantidad de espacio verde; eliminar barreras y vac\u00edos urbanos, evitando enrejar la plaza; respetar el galp\u00f3n y los arcos de acceso en el proyecto, y contar con variedad de actividades culturales y deportivas. Por eso, el Gobierno porte\u00f1o se comprometi\u00f3 a generar un espacio p\u00fablico de calidad, a poner en funcionamiento el galp\u00f3n ferroviario, a crear una biblioteca y un nuevo espacio verde de disfrute con actividades deportivas y culturales, adem\u00e1s de reconfigurar y poner en valor el entorno de la Estaci\u00f3n Once. La primera etapa consisti\u00f3 en construir un espacio verde y p\u00fablico de 4.275 metros cuadrados con un \u00e1rea deportiva, un \u00e1rea de juegos infantiles, un anfiteatro verde y un \u00e1rea de recreaci\u00f3n con 100% de vegetaci\u00f3n nativa.<\/p>\n<p>La segunda etapa involucr\u00f3 la refuncionalizaci\u00f3n del galp\u00f3n ferroviario en desuso de 3.480 metros cuadrados cubiertos y 1.832 semicubiertos. A estos se sumaron otros 3.523 metros cuadrados de espacio verde y p\u00fablico lindantes con el galp\u00f3n. En el interior del galp\u00f3n ferroviario se generaron dos patios con fachadas vidriadas para mejorar la iluminaci\u00f3n y subdividir el pabell\u00f3n en tres partes articuladas. Hay una biblioteca de 700 metros cuadrados con espacios flexibles, mesas de trabajo compartido, livings de lectura, auditorio y exhibici\u00f3n de libros, adem\u00e1s de un amplio espacio infantil con juegos l\u00fadicos, zona de lectura y sala de producci\u00f3n. All\u00ed se van a ofrecer talleres para j\u00f3venes y chicos. Por \u00faltimo, va a contar con un espacio ProTeatro para apoyar, profundizar y difundir las artes esc\u00e9nicas de la Ciudad. Tambi\u00e9n hay un invernadero de 85 metros cuadrados, con un patio para sembrar que va a funcionar como vivero de educaci\u00f3n ambiental acerca de especies aut\u00f3ctonas.<\/p>\n<p>Hay un sal\u00f3n polideportivo de 915 metros cuadrados, que funcionar\u00e1 como un espacio multiuso de actividades deportivas de nivel escolar, tales como b\u00e1squet, h\u00e1ndbol, v\u00f3ley, f\u00fatbol y atletismo, entre otras. Su uso es exclusivo para las escuelas p\u00fablicas de la Ciudad, para los niveles primario y secundario, para jornada extendida, y para los diversos programas socioeducativos.<br \/>Hay un sal\u00f3n de usos m\u00faltiples con una superficie cubierta de aproximadamente 700 metros cuadrados. En el futuro, se va a transformar en un patio gastron\u00f3mico. Y tambi\u00e9n funciona una defensor\u00eda, con oficinas abiertas, oficinas cerradas, salas de reuni\u00f3n, \u00e1rea de juegos y sanitarios.<\/p>\n","protected":false},"excerpt":{"rendered":"<p>El jefe de Gobierno porte\u00f1o, Horacio Rodr\u00edguez Larreta, inaugur\u00f3 el pasado viernes el Parque de la Estaci\u00f3n en Balvanera, que le suma 14.117 metros cuadrados de espacio p\u00fablico y verde a la Ciudad de Buenos Aires. \u201cNo hay nada m\u00e1s lindo en nuestro trabajo que cuando inauguramos un espacio como \u00e9ste, que es la combinaci\u00f3n [&hellip;]<\/p>\n","protected":false},"author":1,"featured_media":5095,"comment_status":"open","ping_status":"open","sticky":false,"template":"","format":"standard","meta":{"_et_pb_use_builder":"","_et_pb_old_content":"","_et_gb_content_width":"","footnotes":""},"categories":[11,32],"tags":[],"class_list":["post-5094","post","type-post","status-publish","format-standard","has-post-thumbnail","hentry","category-ciudad","category-comunas"],"_links":{"self":[{"href":"https:\/\/vocesdebaires.com.ar\/index.php\/wp-json\/wp\/v2\/posts\/5094"}],"collection":[{"href":"https:\/\/vocesdebaires.com.ar\/index.php\/wp-json\/wp\/v2\/posts"}],"about":[{"href":"https:\/\/vocesdebaires.com.ar\/index.php\/wp-json\/wp\/v2\/types\/post"}],"author":[{"embeddable":true,"href":"https:\/\/vocesdebaires.com.ar\/index.php\/wp-json\/wp\/v2\/users\/1"}],"replies":[{"embeddable":true,"href":"https:\/\/vocesdebaires.com.ar\/index.php\/wp-json\/wp\/v2\/comments?post=5094"}],"version-history":[{"count":0,"href":"https:\/\/vocesdebaires.com.ar\/index.php\/wp-json\/wp\/v2\/posts\/5094\/revisions"}],"wp:featuredmedia":[{"embeddable":true,"href":"https:\/\/vocesdebaires.com.ar\/index.php\/wp-json\/wp\/v2\/media\/5095"}],"wp:attachment":[{"href":"https:\/\/vocesdebaires.com.ar\/index.php\/wp-json\/wp\/v2\/media?parent=5094"}],"wp:term":[{"taxonomy":"category","embeddable":true,"href":"https:\/\/vocesdebaires.com.ar\/index.php\/wp-json\/wp\/v2\/categories?post=5094"},{"taxonomy":"post_tag","embeddable":true,"href":"https:\/\/vocesdebaires.com.ar\/index.php\/wp-json\/wp\/v2\/tags?post=5094"}],"curies":[{"name":"wp","href":"https:\/\/api.w.org\/{rel}","templated":true}]}}