{"id":5100,"date":"2019-06-19T03:00:00","date_gmt":"2019-06-19T06:00:00","guid":{"rendered":"http:\/\/vocesdebaires.com.ar\/wordpress\/index.php\/2019\/06\/19\/detuvieron-arrebatador-con-pedido-de-captura\/"},"modified":"2019-06-19T03:00:00","modified_gmt":"2019-06-19T06:00:00","slug":"detuvieron-arrebatador-con-pedido-de-captura","status":"publish","type":"post","link":"https:\/\/vocesdebaires.com.ar\/index.php\/2019\/06\/19\/detuvieron-arrebatador-con-pedido-de-captura\/","title":{"rendered":"Detuvieron arrebatador con pedido de captura"},"content":{"rendered":"<p>En el marco del servicio preventivo de Motochorros, personal de la Comisaria Vecinal 5A de la Polic\u00eda de la Ciudad que se encontraba realizando tareas de despliegue territorial en la esquina de avenida Hip\u00f3lito Yrigoyen y Boedo, observ\u00f3 a una mujer que ped\u00eda auxilio. R\u00e1pidamente un oficial se acerc\u00f3 y la v\u00edctima le explic\u00f3 que le hab\u00edan robado, entreg\u00e1ndole la descripci\u00f3n f\u00edsica y la vestimenta del delincuente. Se irradi\u00f3 un alerta e inmediatamente varios m\u00f3viles comenzaron a buscarlo por la zona, deteni\u00e9ndolo en Castro Barros e Hip\u00f3lito Yrigoyen.<\/p>\n<p>Como resultado de las actuaciones policiales se confirm\u00f3 que el malviviente se encontraba pr\u00f3fugo de la Justicia por distintas causas, una de las cuales, con fecha de setiembre de 2015, lo conden\u00f3 a 30 d\u00edas de prisi\u00f3n por lesiones dolosas.El celular robado pudo ser recuperado mediante una inspecci\u00f3n de la zona, ya que el delincuente lo descart\u00f3 mientras intentaba escapar, siendo posteriormente devuelto a su due\u00f1a, una mujer de 32 a\u00f1os, quien declar\u00f3 que el ladr\u00f3n se lo hab\u00eda arrebatado luego de amenazarla verbalmente.Por orden de la Fiscal\u00eda Criminal y Correccional N\u00ba 16 a cargo de la Dra. Cu\u00f1arro, el ladr\u00f3n fue trasladado hasta la alcaid\u00eda 5 de la Polic\u00eda de la Ciudad.<\/p>\n","protected":false},"excerpt":{"rendered":"<p>En el marco del servicio preventivo de Motochorros, personal de la Comisaria Vecinal 5A de la Polic\u00eda de la Ciudad que se encontraba realizando tareas de despliegue territorial en la esquina de avenida Hip\u00f3lito Yrigoyen y Boedo, observ\u00f3 a una mujer que ped\u00eda auxilio. R\u00e1pidamente un oficial se acerc\u00f3 y la v\u00edctima le explic\u00f3 que [&hellip;]<\/p>\n","protected":false},"author":1,"featured_media":5101,"comment_status":"open","ping_status":"open","sticky":false,"template":"","format":"standard","meta":{"_et_pb_use_builder":"","_et_pb_old_content":"","_et_gb_content_width":"","footnotes":""},"categories":[11,32],"tags":[],"class_list":["post-5100","post","type-post","status-publish","format-standard","has-post-thumbnail","hentry","category-ciudad","category-comunas"],"_links":{"self":[{"href":"https:\/\/vocesdebaires.com.ar\/index.php\/wp-json\/wp\/v2\/posts\/5100"}],"collection":[{"href":"https:\/\/vocesdebaires.com.ar\/index.php\/wp-json\/wp\/v2\/posts"}],"about":[{"href":"https:\/\/vocesdebaires.com.ar\/index.php\/wp-json\/wp\/v2\/types\/post"}],"author":[{"embeddable":true,"href":"https:\/\/vocesdebaires.com.ar\/index.php\/wp-json\/wp\/v2\/users\/1"}],"replies":[{"embeddable":true,"href":"https:\/\/vocesdebaires.com.ar\/index.php\/wp-json\/wp\/v2\/comments?post=5100"}],"version-history":[{"count":0,"href":"https:\/\/vocesdebaires.com.ar\/index.php\/wp-json\/wp\/v2\/posts\/5100\/revisions"}],"wp:featuredmedia":[{"embeddable":true,"href":"https:\/\/vocesdebaires.com.ar\/index.php\/wp-json\/wp\/v2\/media\/5101"}],"wp:attachment":[{"href":"https:\/\/vocesdebaires.com.ar\/index.php\/wp-json\/wp\/v2\/media?parent=5100"}],"wp:term":[{"taxonomy":"category","embeddable":true,"href":"https:\/\/vocesdebaires.com.ar\/index.php\/wp-json\/wp\/v2\/categories?post=5100"},{"taxonomy":"post_tag","embeddable":true,"href":"https:\/\/vocesdebaires.com.ar\/index.php\/wp-json\/wp\/v2\/tags?post=5100"}],"curies":[{"name":"wp","href":"https:\/\/api.w.org\/{rel}","templated":true}]}}