{"id":5111,"date":"2019-06-18T03:00:00","date_gmt":"2019-06-18T06:00:00","guid":{"rendered":"http:\/\/vocesdebaires.com.ar\/wordpress\/index.php\/2019\/06\/18\/vinculo-entre-ninos-y-espacios-de-juego\/"},"modified":"2019-06-18T03:00:00","modified_gmt":"2019-06-18T06:00:00","slug":"vinculo-entre-ninos-y-espacios-de-juego","status":"publish","type":"post","link":"https:\/\/vocesdebaires.com.ar\/index.php\/2019\/06\/18\/vinculo-entre-ninos-y-espacios-de-juego\/","title":{"rendered":"V\u00ednculo entre ni\u00f1os y espacios de juego"},"content":{"rendered":"<p>Durante 14 d\u00edas los peque\u00f1os votantes de la Ciudad pudieron sugerir y elegir nombres para los espacios l\u00fadicos de 8 plazas porte\u00f1as. A trav\u00e9s de un sistema de democracia directa instalado en tablets, los ni\u00f1os propusieron 2917 ideas y tras dos semanas de votaci\u00f3n, cada patio de juego ya tiene su nombre elegido. En los pr\u00f3ximos d\u00edas, los resultados ser\u00e1n enviados a la Legislatura para que esa nueva nomenclatura sea oficial, est\u00e9 impresa en cada espacio de juego y se incorpore a los mapas de la Ciudad. \u201cNos entusiasma mucho haber recibido tantas respuestas de chicos por `Un nombre para mi patio\u201d, celebr\u00f3 Felipe Miguel, jefe de Gabinete de ministros porte\u00f1o.<\/p>\n<p>La votaci\u00f3n despert\u00f3 un gran inter\u00e9s y entusiasmo en los chicos que, recibidos y asistidos por anfitriones de plaza, formaban filas para sumar sus propuestas. Muchos fueron los ni\u00f1os que intercalaron momentos de juego y voto a lo largo de una jornada y que se acercaron en m\u00e1s de una ocasi\u00f3n para participar. El sistema registr\u00f3 33196 votos de 6191 chicos que eligieron entre las 2917 opciones que ellos mismos sugirieron. Facundo Carrillo, secretario de Atenci\u00f3n y Gesti\u00f3n Ciudadana expres\u00f3, \u201cinvitamos a que los chicos pusieran en acci\u00f3n su creatividad, imaginaran opciones nuevas y originales\u201d.<\/p>\n<p>Colores, castillos, diversi\u00f3n, amigos, sue\u00f1os y risas fueron las palabras que m\u00e1s resonaron durante los 14 d\u00edas que dur\u00f3 la votaci\u00f3n. Los ni\u00f1os sugirieron distintas combinaciones para describir su espacio de juego al que caracterizaron como un lugar divertido, m\u00e1gico, feliz, gigante y maravilloso. Otros nombres se destacaron por su originalidad, como Locuralandia, Patio Payas\u00edn, Divertilandia y Electroparc, este \u00faltimo sugerido en la Plaza de las Am\u00e9ricas lider\u00f3 el podio durante casi una semana. \u201cEn la tablet incluimos todas las ideas que los chicos proponen para que sean votadas y se conviertan en el nombre de su patio\u201d, explic\u00f3 Lucas, anfitri\u00f3n del patio de juegos de Plaza Almagro en Comuna 5.<\/p>\n<p>Muchas sugerencias se destacaron por transmitir un sentido de pertenencia: Mi lugar en el mundo, Mi rinc\u00f3n, El rinc\u00f3n de los chicos y chicas, La isla de los ni\u00f1os fueron algunas de las propuestas que imaginaron para llamar al lugar. Incluso, se introdujo por iniciativa de los ni\u00f1os un nombre en araucano, Pihu\u00e9, que significa tambi\u00e9n Lugar de Encuentro. \u201cEs una propuesta muy buena porque hace que este parque que es de los ni\u00f1os sea a\u00fan m\u00e1s de ellos\u201d, coment\u00f3 Anal\u00eda, mam\u00e1 de Joaqu\u00edn y Antonia.<\/p>\n<p>Tras dos semanas de votaci\u00f3n, ya se conocen los resultados del escrutinio: en Plaza Garay el nombre elegido fue \u201cJuegos y colores\u201d; en Parque Patricios, los ni\u00f1os se inclinaron por \u201cParque de los sue\u00f1os\u201d; en Plaza Democracia reson\u00f3 con m\u00e1s fuerza \u201cEl mundo de los ni\u00f1os\u201d. Por otro lado, \u201cPatio de los bichitos\u201d se llev\u00f3 el podio en Plaza Dr. Roque S\u00e1enz Pe\u00f1a. En Plaza Almagro el m\u00e1s votado fue \u201cEl patiecito colorido\u201d, mientras que en la Plaza Vicente L\u00f3pez lider\u00f3 \u201cPatio burbujas\u201d. Por \u00faltimo, en Parque Alberdi la mayor\u00eda de los votos fueron para \u201cLos juegos de la amistad\u201d y \u201cMi refugio\u201d para el patio de juegos del Paseo de las Am\u00e9ricas.<\/p>\n<p>En los pr\u00f3ximos d\u00edas, la Legislatura porte\u00f1a recibir\u00e1 las 8 iniciativas legislativas de las Comunas donde tuvo lugar la elecci\u00f3n, con detalle del proceso de votaci\u00f3n, n\u00famero de chicos que participaron y nombre elegido para cada patio. \u201cLa participaci\u00f3n ciudadana es uno de los pilares de la gesti\u00f3n de la Ciudad y, en este caso, la propuesta resulta a\u00fan m\u00e1s atractiva porque adem\u00e1s existe un fin pedag\u00f3gico\u201d, expres\u00f3 Francisco Quintana, vicepresidente primero de la Legislatura porte\u00f1a. \u201cPor esa raz\u00f3n estoy seguro de que la mayor\u00eda de las fuerzas van a acompa\u00f1ar el proyecto\u201d, concluy\u00f3. <br \/>El sistema de votaci\u00f3n utilizado por los ni\u00f1os fue creado por la Universidad de Princeton (EE.UU) y por primera vez en el mundo recibi\u00f3 el voto de los m\u00e1s peque\u00f1os. M\u00e1s de 6000 ni\u00f1os pensaron, propusieron y votaron entre 2917 ideas que se caracterizaron por su originalidad, espontaneidad y simpat\u00eda.<\/p>\n","protected":false},"excerpt":{"rendered":"<p>Durante 14 d\u00edas los peque\u00f1os votantes de la Ciudad pudieron sugerir y elegir nombres para los espacios l\u00fadicos de 8 plazas porte\u00f1as. A trav\u00e9s de un sistema de democracia directa instalado en tablets, los ni\u00f1os propusieron 2917 ideas y tras dos semanas de votaci\u00f3n, cada patio de juego ya tiene su nombre elegido. En los [&hellip;]<\/p>\n","protected":false},"author":1,"featured_media":0,"comment_status":"open","ping_status":"open","sticky":false,"template":"","format":"standard","meta":{"_et_pb_use_builder":"","_et_pb_old_content":"","_et_gb_content_width":"","footnotes":""},"categories":[11,32],"tags":[],"class_list":["post-5111","post","type-post","status-publish","format-standard","hentry","category-ciudad","category-comunas"],"_links":{"self":[{"href":"https:\/\/vocesdebaires.com.ar\/index.php\/wp-json\/wp\/v2\/posts\/5111"}],"collection":[{"href":"https:\/\/vocesdebaires.com.ar\/index.php\/wp-json\/wp\/v2\/posts"}],"about":[{"href":"https:\/\/vocesdebaires.com.ar\/index.php\/wp-json\/wp\/v2\/types\/post"}],"author":[{"embeddable":true,"href":"https:\/\/vocesdebaires.com.ar\/index.php\/wp-json\/wp\/v2\/users\/1"}],"replies":[{"embeddable":true,"href":"https:\/\/vocesdebaires.com.ar\/index.php\/wp-json\/wp\/v2\/comments?post=5111"}],"version-history":[{"count":0,"href":"https:\/\/vocesdebaires.com.ar\/index.php\/wp-json\/wp\/v2\/posts\/5111\/revisions"}],"wp:attachment":[{"href":"https:\/\/vocesdebaires.com.ar\/index.php\/wp-json\/wp\/v2\/media?parent=5111"}],"wp:term":[{"taxonomy":"category","embeddable":true,"href":"https:\/\/vocesdebaires.com.ar\/index.php\/wp-json\/wp\/v2\/categories?post=5111"},{"taxonomy":"post_tag","embeddable":true,"href":"https:\/\/vocesdebaires.com.ar\/index.php\/wp-json\/wp\/v2\/tags?post=5111"}],"curies":[{"name":"wp","href":"https:\/\/api.w.org\/{rel}","templated":true}]}}