{"id":5123,"date":"2019-06-14T03:24:11","date_gmt":"2019-06-14T06:24:11","guid":{"rendered":"http:\/\/vocesdebaires.com.ar\/wordpress\/index.php\/2019\/06\/14\/larreta-lanzo-campana-de-poda-invernal-2019\/"},"modified":"2019-06-14T03:24:11","modified_gmt":"2019-06-14T06:24:11","slug":"larreta-lanzo-campana-de-poda-invernal-2019","status":"publish","type":"post","link":"https:\/\/vocesdebaires.com.ar\/index.php\/2019\/06\/14\/larreta-lanzo-campana-de-poda-invernal-2019\/","title":{"rendered":"Larreta lanz\u00f3 Campa\u00f1a de Poda Invernal 2019"},"content":{"rendered":"<p>El jefe de Gobierno porte\u00f1o, Horacio Rodr\u00edguez Larreta, lanz\u00f3 ayer la Campa\u00f1a de Poda Invernal 2019, para mejorar el espacio urbano y conservar las especies arb\u00f3reas de la Ciudad.&quot;Adem\u00e1s de mantener de la manera m\u00e1s vigorosa posible a todos los \u00e1rboles, la poda tambi\u00e9n contribuye a la seguridad&quot;, expres\u00f3 Rodr\u00edguez Larreta. Los trabajos permitir\u00e1n despejar el alumbrado p\u00fablico de obstrucciones y mejorar la iluminaci\u00f3n, la seguridad y la se\u00f1al\u00e9tica urbana, adem\u00e1s de mantener a los \u00e1rboles saludables. Adem\u00e1s, el Jefe de Gobierno porte\u00f1o indic\u00f3 que &quot;\u00e9ste es uno de los reclamos m\u00e1s numerosos de los vecinos&quot;, y agreg\u00f3: &quot;Venimos con muy buen ritmo y vamos barrio por barrio, pasando por todas las comunas&quot;.<\/p>\n<p>En esa l\u00ednea reconoci\u00f3 que &quot;es muy importante despejar las luminarias, las c\u00e1maras de seguridad y los sem\u00e1foros&quot;. De la actividad tambi\u00e9n participaron el jefe de Gabinete, Felipe Miguel; el secretario de Atenci\u00f3n y Gesti\u00f3n Ciudadana, Facundo Carrillo, y la subsecretaria de Gesti\u00f3n Comunal, Marina Hern\u00e1ndez.Por su parte, Carrillo dijo que &quot;independientemente de los pedidos de los vecinos, el mantenimiento es una tarea rutinaria que se hace todos los a\u00f1os&quot;, y sostuvo: &quot;Tenemos un plan quinquenal con el objetivo de darle un sano crecimiento a todos los \u00e1rboles y que puedan entrar en armon\u00eda con el transporte p\u00fablico y la seguridad&quot;. Adem\u00e1s, explic\u00f3 que el servicio de poda y retiro es gratuito y las solicitudes &quot;se pueden realizar por la aplicaci\u00f3n BA147, por tel\u00e9fono llamando al 147, o por Internet&quot;.A trav\u00e9s de los mismos canales se puede solicitar el retiro de residuos producidos por la poda.<\/p>\n<p>La cantidad de \u00e1rboles que tiene la Ciudad en la actualidad es 431.326, de los cuales 75.000 ser\u00e1n intervenidos durante la poda, que se realiza durante los meses de invierno y verano, motivo por el que quedan exceptuados los tiempos de veda, es decir oto\u00f1o y primavera. Este a\u00f1o la veda fue desde el 15 de abril hasta fines de mayo. Sin embargo, la duraci\u00f3n de los per\u00edodos no se ajusta a las estaciones, sino a las condiciones clim\u00e1ticas y tipo de especie arb\u00f3rea, por lo que todos los a\u00f1os se presenta un cronograma. Cada comuna planifica la poda de su jurisdicci\u00f3n, en un trabajo articulado con la Secretar\u00eda de Atenci\u00f3n y Gesti\u00f3n Ciudadana. Para esto se cuenta con personal especializado (ingenieros agr\u00f3nomos, t\u00e9cnicos en jardiner\u00eda y paisajismo) y empresas contratistas que realizan las tareas.<\/p>\n<p>Previamente a efectuar la poda (corte de ra\u00edz o extracci\u00f3n), un equipo especializado lleva a cabo un revelamiento del lugar para determinar si corresponde o no hacer el trabajo. En caso de que sea necesario, se determina qu\u00e9 tipo de intervenci\u00f3n se llevar\u00e1 adelante. Adem\u00e1s, supervisa que la ejecuci\u00f3n se haga de forma correcta y brinda informaci\u00f3n a los vecinos acerca de c\u00f3mo se planifica y\/o interviene en las distintas especies. Los trabajos de poda se realizan junto a 115 ingenieros agr\u00f3nomos de la Facultad de Ciencias Agrarias de la Universidad de Buenos Aires, quienes se encargan de garantizar el correcto procedimiento para cuidar la salud de todas las especies.<\/p>\n<p>Si alguna persona o empresa no autorizada poda o destruye un \u00e1rbol p\u00fablico estar\u00e1 cometiendo el delito de \u201cda\u00f1o a especies vegetales\u201d. En caso de que el hecho se est\u00e9 efectuando, los vecinos pueden denunciarlo en la comisar\u00eda de su zona para que env\u00ede un m\u00f3vil, frene la acci\u00f3n y detenga a los responsables. En caso de que ya haya ocurrido, tambi\u00e9n puede asentar una denuncia en la misma comisar\u00eda. Las plantaciones de nuevas especies las realizan las comunas. Por eso, si un vecino desea plantar un \u00e1rbol en su vereda debe dirigirse a la comuna que corresponda.<\/p>\n","protected":false},"excerpt":{"rendered":"<p>El jefe de Gobierno porte\u00f1o, Horacio Rodr\u00edguez Larreta, lanz\u00f3 ayer la Campa\u00f1a de Poda Invernal 2019, para mejorar el espacio urbano y conservar las especies arb\u00f3reas de la Ciudad.&quot;Adem\u00e1s de mantener de la manera m\u00e1s vigorosa posible a todos los \u00e1rboles, la poda tambi\u00e9n contribuye a la seguridad&quot;, expres\u00f3 Rodr\u00edguez Larreta. Los trabajos permitir\u00e1n despejar [&hellip;]<\/p>\n","protected":false},"author":1,"featured_media":5124,"comment_status":"open","ping_status":"open","sticky":false,"template":"","format":"standard","meta":{"_et_pb_use_builder":"","_et_pb_old_content":"","_et_gb_content_width":"","footnotes":""},"categories":[11,32],"tags":[],"class_list":["post-5123","post","type-post","status-publish","format-standard","has-post-thumbnail","hentry","category-ciudad","category-comunas"],"_links":{"self":[{"href":"https:\/\/vocesdebaires.com.ar\/index.php\/wp-json\/wp\/v2\/posts\/5123"}],"collection":[{"href":"https:\/\/vocesdebaires.com.ar\/index.php\/wp-json\/wp\/v2\/posts"}],"about":[{"href":"https:\/\/vocesdebaires.com.ar\/index.php\/wp-json\/wp\/v2\/types\/post"}],"author":[{"embeddable":true,"href":"https:\/\/vocesdebaires.com.ar\/index.php\/wp-json\/wp\/v2\/users\/1"}],"replies":[{"embeddable":true,"href":"https:\/\/vocesdebaires.com.ar\/index.php\/wp-json\/wp\/v2\/comments?post=5123"}],"version-history":[{"count":0,"href":"https:\/\/vocesdebaires.com.ar\/index.php\/wp-json\/wp\/v2\/posts\/5123\/revisions"}],"wp:featuredmedia":[{"embeddable":true,"href":"https:\/\/vocesdebaires.com.ar\/index.php\/wp-json\/wp\/v2\/media\/5124"}],"wp:attachment":[{"href":"https:\/\/vocesdebaires.com.ar\/index.php\/wp-json\/wp\/v2\/media?parent=5123"}],"wp:term":[{"taxonomy":"category","embeddable":true,"href":"https:\/\/vocesdebaires.com.ar\/index.php\/wp-json\/wp\/v2\/categories?post=5123"},{"taxonomy":"post_tag","embeddable":true,"href":"https:\/\/vocesdebaires.com.ar\/index.php\/wp-json\/wp\/v2\/tags?post=5123"}],"curies":[{"name":"wp","href":"https:\/\/api.w.org\/{rel}","templated":true}]}}